{"id":9843,"date":"2021-03-08T09:19:04","date_gmt":"2021-03-08T08:19:04","guid":{"rendered":"https:\/\/berliner-predigten.de\/blog\/?p=9843"},"modified":"2021-03-15T08:24:25","modified_gmt":"2021-03-15T07:24:25","slug":"themen-der-woche-2021-10","status":"publish","type":"post","link":"https:\/\/berliner-predigten.de\/blog\/2021\/03\/08\/themen-der-woche-2021-10\/","title":{"rendered":"Themen der Woche 2021\/10"},"content":{"rendered":"<p>Die Themen f\u00fcr die Woche 2021\/10 im <a href=\"https:\/\/gemeindezentrum.berlin\/\" target=\"_blank\" rel=\"noopener noreferrer\">Gemeinde-Zentrum<\/a> \u2013 komm vorbei oder h\u00f6re Pastor Johannes W. Matutis im Internet (jeweils 2 Stunden sp\u00e4ter).<\/p>\n<p>Mittwoch, 10. M\u00e4rz 2021, 16 Uhr:<br \/>\n<a href=\"https:\/\/berliner-predigten.de\/blog\/2021\/03\/10\/verstehe-gott\/\"><strong>Verstehe Gott<\/strong><\/a><\/p>\n<p>Freitag, 12. M\u00e4rz 2021, 19 Uhr:<br \/>\n<a href=\"https:\/\/berliner-predigten.de\/blog\/2021\/03\/12\/das-idol-unserer-zeit\/\"><strong>Das Idol unserer Zeit<\/strong><\/a><\/p>\n<p>Samstag, 13. M\u00e4rz 2021, 19 Uhr:<br \/>\n<a href=\"https:\/\/berliner-predigten.de\/blog\/2021\/03\/13\/sei-kein-knecht\/\"><strong>Sei kein Knecht<\/strong><\/a><\/p>\n<p>Sonntag, 14. M\u00e4rz 2021, 10 Uhr:<br \/>\n<a href=\"https:\/\/berliner-predigten.de\/blog\/2021\/03\/14\/veraendere-deine-denkweise\/\"><strong>Ver\u00e4ndere deine Denkweise<\/strong><\/a><\/p>\n","protected":false},"excerpt":{"rendered":"<p>Die Themen f\u00fcr die Woche 2021\/10 im Gemeinde-Zentrum \u2013 komm vorbei oder h\u00f6re Pastor Johannes W. Matutis im Internet (jeweils 2 Stunden sp\u00e4ter). Mittwoch, 10. M\u00e4rz 2021, 16 Uhr: Verstehe Gott Freitag, 12. M\u00e4rz 2021, 19 Uhr: Das Idol unserer Zeit Samstag, 13. M\u00e4rz 2021, 19 Uhr: Sei kein Knecht Sonntag, 14. M\u00e4rz 2021, 10 Uhr: Ver\u00e4ndere deine Denkweise<\/p>\n","protected":false},"author":2,"featured_media":9845,"comment_status":"open","ping_status":"open","sticky":false,"template":"","format":"standard","meta":{"footnotes":""},"categories":[3],"tags":[],"class_list":["post-9843","post","type-post","status-publish","format-standard","has-post-thumbnail","hentry","category-termine-und-themen","comments-off"],"_links":{"self":[{"href":"https:\/\/berliner-predigten.de\/blog\/wp-json\/wp\/v2\/posts\/9843","targetHints":{"allow":["GET"]}}],"collection":[{"href":"https:\/\/berliner-predigten.de\/blog\/wp-json\/wp\/v2\/posts"}],"about":[{"href":"https:\/\/berliner-predigten.de\/blog\/wp-json\/wp\/v2\/types\/post"}],"author":[{"embeddable":true,"href":"https:\/\/berliner-predigten.de\/blog\/wp-json\/wp\/v2\/users\/2"}],"replies":[{"embeddable":true,"href":"https:\/\/berliner-predigten.de\/blog\/wp-json\/wp\/v2\/comments?post=9843"}],"version-history":[{"count":5,"href":"https:\/\/berliner-predigten.de\/blog\/wp-json\/wp\/v2\/posts\/9843\/revisions"}],"predecessor-version":[{"id":9904,"href":"https:\/\/berliner-predigten.de\/blog\/wp-json\/wp\/v2\/posts\/9843\/revisions\/9904"}],"wp:featuredmedia":[{"embeddable":true,"href":"https:\/\/berliner-predigten.de\/blog\/wp-json\/wp\/v2\/media\/9845"}],"wp:attachment":[{"href":"https:\/\/berliner-predigten.de\/blog\/wp-json\/wp\/v2\/media?parent=9843"}],"wp:term":[{"taxonomy":"category","embeddable":true,"href":"https:\/\/berliner-predigten.de\/blog\/wp-json\/wp\/v2\/categories?post=9843"},{"taxonomy":"post_tag","embeddable":true,"href":"https:\/\/berliner-predigten.de\/blog\/wp-json\/wp\/v2\/tags?post=9843"}],"curies":[{"name":"wp","href":"https:\/\/api.w.org\/{rel}","templated":true}]}}