{"id":9731,"date":"2021-03-07T13:28:51","date_gmt":"2021-03-07T12:28:51","guid":{"rendered":"https:\/\/berliner-predigten.de\/blog\/?p=9731"},"modified":"2021-06-04T08:05:09","modified_gmt":"2021-06-04T06:05:09","slug":"jesus-wird-regieren","status":"publish","type":"post","link":"https:\/\/berliner-predigten.de\/blog\/2021\/03\/07\/jesus-wird-regieren\/","title":{"rendered":"Jesus wird regieren"},"content":{"rendered":"<p>Wer hat, dem wird gegeben werden; von dem aber, der nicht hat, von ihm wird auch das genommen werden, was er hat.<\/p>\n<audio class=\"wp-audio-shortcode\" id=\"audio-9731-1\" preload=\"none\" style=\"width: 100%;\" controls=\"controls\"><source type=\"audio\/mpeg\" src=\"https:\/\/berliner-predigten.de\/dateien\/2021-03-07-Jesus-wird-regieren.mp3?_=1\" \/><a href=\"https:\/\/berliner-predigten.de\/dateien\/2021-03-07-Jesus-wird-regieren.mp3\">https:\/\/berliner-predigten.de\/dateien\/2021-03-07-Jesus-wird-regieren.mp3<\/a><\/audio>\n<p><!--more--><\/p>\n<p><strong>Stichworte:<\/strong> das tausendj\u00e4hrige Reich &#8211; jetzt ist alles weltweit &#8211; Angst ist das gro\u00dfe Problem, wenn es nicht die gesunde Angst ist &#8211; wie man sich vor Abf\u00e4rben und Ansteckung sch\u00fctzt &#8211; Lachen und Spotten ist ein gutes Hilfsmittel &#8211; ich bin in Gott und Gott ist in mir &#8211;\u00a0<a href=\"https:\/\/www.schlachterbibel.de\/de\/bibel\/lukas\/19\/12?hl=1#hl\" target=\"_blank\" rel=\"noopener\">ein Edelmann zog in ein fernes Land, um sich die K\u00f6nigsw\u00fcrde zu holen und dann wiederzukommen &#8230;<\/a> &#8211; Jesus ist gegenw\u00e4rtig &#8211; wuchere ich mit meinen Talenten? &#8211; wenn der K\u00f6nig der Juden kommt &#8211; die erste Auferstehung und der zweite Tod &#8211; Geschichte wiederholt sich &#8211; der siebente Tag, das siebente Jahr &#8211; ein kosmischer Sabbat &#8211; <a href=\"https:\/\/www.schlachterbibel.de\/de\/bibel\/2_thessalonicher\/2\/6?hl=1#hl\" target=\"_blank\" rel=\"noopener\">die Entr\u00fcckung der Gemeinde<\/a> &#8211; der gro\u00dfe Abfall &#8211; eine hohe Bestimmung<\/p>\n<p>Sing mit: <a href=\"https:\/\/berliner-predigten.de\/blog\/2020\/01\/27\/wer-unter-dem-schutz-des-hoechsten-wohnt\/\" target=\"_blank\" rel=\"noopener\">Wer unter dem Schutz des H\u00f6chsten wohnt<\/a><\/p>\n<p>Wer uns unterst\u00fctzen m\u00f6chte, kann dies hier tun: <a href=\"https:\/\/berliner-predigten.de\/blog\/spenden\/\" target=\"_blank\" rel=\"noopener noreferrer\">\u2665 Spenden \u2665<\/a><\/p>\n<p><em>Predigt herunterladen: <a href=\"https:\/\/berliner-predigten.de\/dateien\/2021-03-07-Jesus-wird-regieren.mp3\" target=\"_blank\" rel=\"noopener noreferrer\">2021-03-07 Jesus wird regieren<\/a><\/em><\/p>\n<p><a href=\"https:\/\/berliner-predigten.de\/blog\/wp-content\/uploads\/2021\/03\/210307-wer-hat-dem-wird-gegeben-werden.jpg\" target=\"_blank\" rel=\"noopener\"><img loading=\"lazy\" decoding=\"async\" class=\"alignnone wp-image-9840\" src=\"https:\/\/berliner-predigten.de\/blog\/wp-content\/uploads\/2021\/03\/210307-wer-hat-dem-wird-gegeben-werden.jpg\" alt=\"\" width=\"95\" height=\"95\" srcset=\"https:\/\/berliner-predigten.de\/blog\/wp-content\/uploads\/2021\/03\/210307-wer-hat-dem-wird-gegeben-werden.jpg 949w, https:\/\/berliner-predigten.de\/blog\/wp-content\/uploads\/2021\/03\/210307-wer-hat-dem-wird-gegeben-werden-300x300.jpg 300w, https:\/\/berliner-predigten.de\/blog\/wp-content\/uploads\/2021\/03\/210307-wer-hat-dem-wird-gegeben-werden-150x150.jpg 150w, https:\/\/berliner-predigten.de\/blog\/wp-content\/uploads\/2021\/03\/210307-wer-hat-dem-wird-gegeben-werden-768x768.jpg 768w\" sizes=\"auto, (max-width: 95px) 100vw, 95px\" \/><\/a><\/p>\n","protected":false},"excerpt":{"rendered":"<p>Wer hat, dem wird gegeben werden; von dem aber, der nicht hat, von ihm wird auch das genommen werden, was er hat.<\/p>\n","protected":false},"author":2,"featured_media":9749,"comment_status":"open","ping_status":"closed","sticky":false,"template":"","format":"standard","meta":{"footnotes":""},"categories":[12,2],"tags":[942,1059,109,1161,860],"class_list":["post-9731","post","type-post","status-publish","format-standard","has-post-thumbnail","hentry","category-j-w-matutis","category-predigt","tag-entrueckung","tag-geschichte","tag-jesus","tag-regieren","tag-werden","comments-off"],"_links":{"self":[{"href":"https:\/\/berliner-predigten.de\/blog\/wp-json\/wp\/v2\/posts\/9731","targetHints":{"allow":["GET"]}}],"collection":[{"href":"https:\/\/berliner-predigten.de\/blog\/wp-json\/wp\/v2\/posts"}],"about":[{"href":"https:\/\/berliner-predigten.de\/blog\/wp-json\/wp\/v2\/types\/post"}],"author":[{"embeddable":true,"href":"https:\/\/berliner-predigten.de\/blog\/wp-json\/wp\/v2\/users\/2"}],"replies":[{"embeddable":true,"href":"https:\/\/berliner-predigten.de\/blog\/wp-json\/wp\/v2\/comments?post=9731"}],"version-history":[{"count":25,"href":"https:\/\/berliner-predigten.de\/blog\/wp-json\/wp\/v2\/posts\/9731\/revisions"}],"predecessor-version":[{"id":9841,"href":"https:\/\/berliner-predigten.de\/blog\/wp-json\/wp\/v2\/posts\/9731\/revisions\/9841"}],"wp:featuredmedia":[{"embeddable":true,"href":"https:\/\/berliner-predigten.de\/blog\/wp-json\/wp\/v2\/media\/9749"}],"wp:attachment":[{"href":"https:\/\/berliner-predigten.de\/blog\/wp-json\/wp\/v2\/media?parent=9731"}],"wp:term":[{"taxonomy":"category","embeddable":true,"href":"https:\/\/berliner-predigten.de\/blog\/wp-json\/wp\/v2\/categories?post=9731"},{"taxonomy":"post_tag","embeddable":true,"href":"https:\/\/berliner-predigten.de\/blog\/wp-json\/wp\/v2\/tags?post=9731"}],"curies":[{"name":"wp","href":"https:\/\/api.w.org\/{rel}","templated":true}]}}