{"id":9634,"date":"2021-02-28T11:31:20","date_gmt":"2021-02-28T10:31:20","guid":{"rendered":"https:\/\/berliner-predigten.de\/blog\/?p=9634"},"modified":"2021-02-28T15:40:25","modified_gmt":"2021-02-28T14:40:25","slug":"die-macht-deiner-worte","status":"publish","type":"post","link":"https:\/\/berliner-predigten.de\/blog\/2021\/02\/28\/die-macht-deiner-worte\/","title":{"rendered":"Die Macht deiner Worte"},"content":{"rendered":"<p>Richtig sprechen muss neu gelernt werden. Tod und Leben steht in der Gewalt der Zunge.<\/p>\n<audio class=\"wp-audio-shortcode\" id=\"audio-9634-1\" preload=\"none\" style=\"width: 100%;\" controls=\"controls\"><source type=\"audio\/mpeg\" src=\"https:\/\/berliner-predigten.de\/dateien\/2021-02-28-Die-Macht-deiner-Worte.mp3?_=1\" \/><a href=\"https:\/\/berliner-predigten.de\/dateien\/2021-02-28-Die-Macht-deiner-Worte.mp3\">https:\/\/berliner-predigten.de\/dateien\/2021-02-28-Die-Macht-deiner-Worte.mp3<\/a><\/audio>\n<p><!--more--><\/p>\n<p><strong>Stichworte:<\/strong> das Reden und die Geschw\u00e4tzigkeit &#8211; lose Worte und geistige Verletzungen &#8211; s\u00fcsse Worte, L\u00fcgen und falsche Zeugnisse &#8211; &#8222;du sagst es&#8220; &#8211; <a href=\"https:\/\/www.schlachterbibel.de\/de\/bibel\/zephanja\/3\/13?hl=1#hl\" target=\"_blank\" rel=\"noopener\">man wird in ihrem Mund keine tr\u00fcgerische Zunge finden<\/a> &#8211; wenn du nichts zu sagen hast, sei still &#8211; ja, ja, oder nein, nein &#8211; Gott l\u00e4sst sich nicht verspotten &#8211; <a href=\"https:\/\/www.schlachterbibel.de\/de\/bibel\/johannes\/1\/22?hl=1#hl\" target=\"_blank\" rel=\"noopener\">was sagst du von dir selber?<\/a> &#8211; was wir uns alles einbilden &#8211; Jesu Worte waren Geist und Leben &#8211; &#8222;und das werden sie nicht bringen!&#8220; &#8211; nicht nachplappern, sondern selbst Inspiration haben &#8211; du brauchst ein Wort von Gott &#8211; das richtige Wort im richtigen Augenblick f\u00fcr die richtige Situation &#8211; das Zauberwort Jesus &#8211; Gottes Wort in deinem Mund<\/p>\n<p>Sing mit: <a href=\"https:\/\/berliner-predigten.de\/blog\/2020\/04\/02\/auf-dem-lamm-ruht-meine-seele\/\" target=\"_blank\" rel=\"noopener\">Auf dem Lamm ruht meine Seele<\/a><\/p>\n<p>Wer uns unterst\u00fctzen m\u00f6chte, kann dies hier tun: <a href=\"https:\/\/berliner-predigten.de\/blog\/spenden\/\" target=\"_blank\" rel=\"noopener noreferrer\">\u2665 Spenden \u2665<\/a><\/p>\n<p><em>Predigt herunterladen: <a href=\"https:\/\/berliner-predigten.de\/dateien\/2021-02-28-Die-Macht-deiner-Worte.mp3\" target=\"_blank\" rel=\"noopener noreferrer\">2021-02-28 Die Macht deiner Worte<\/a><\/em><\/p>\n<p><a href=\"https:\/\/berliner-predigten.de\/blog\/wp-content\/uploads\/2021\/02\/210228-richtig-sprechen-muss-neu-gelernt-werden.jpg\" target=\"_blank\" rel=\"noopener\"><img loading=\"lazy\" decoding=\"async\" class=\"alignnone wp-image-9721\" src=\"https:\/\/berliner-predigten.de\/blog\/wp-content\/uploads\/2021\/02\/210228-richtig-sprechen-muss-neu-gelernt-werden.jpg\" alt=\"\" width=\"95\" height=\"95\" srcset=\"https:\/\/berliner-predigten.de\/blog\/wp-content\/uploads\/2021\/02\/210228-richtig-sprechen-muss-neu-gelernt-werden.jpg 947w, https:\/\/berliner-predigten.de\/blog\/wp-content\/uploads\/2021\/02\/210228-richtig-sprechen-muss-neu-gelernt-werden-300x300.jpg 300w, https:\/\/berliner-predigten.de\/blog\/wp-content\/uploads\/2021\/02\/210228-richtig-sprechen-muss-neu-gelernt-werden-150x150.jpg 150w, https:\/\/berliner-predigten.de\/blog\/wp-content\/uploads\/2021\/02\/210228-richtig-sprechen-muss-neu-gelernt-werden-768x768.jpg 768w\" sizes=\"auto, (max-width: 95px) 100vw, 95px\" \/><\/a><\/p>\n","protected":false},"excerpt":{"rendered":"<p>Richtig sprechen muss neu gelernt werden. Tod und Leben steht in der Gewalt der Zunge.<\/p>\n","protected":false},"author":2,"featured_media":9672,"comment_status":"open","ping_status":"closed","sticky":false,"template":"","format":"standard","meta":{"footnotes":""},"categories":[12,2],"tags":[279,1225,1148,31],"class_list":["post-9634","post","type-post","status-publish","format-standard","has-post-thumbnail","hentry","category-j-w-matutis","category-predigt","tag-deine","tag-deine-worte","tag-macht","tag-worte","comments-off"],"_links":{"self":[{"href":"https:\/\/berliner-predigten.de\/blog\/wp-json\/wp\/v2\/posts\/9634","targetHints":{"allow":["GET"]}}],"collection":[{"href":"https:\/\/berliner-predigten.de\/blog\/wp-json\/wp\/v2\/posts"}],"about":[{"href":"https:\/\/berliner-predigten.de\/blog\/wp-json\/wp\/v2\/types\/post"}],"author":[{"embeddable":true,"href":"https:\/\/berliner-predigten.de\/blog\/wp-json\/wp\/v2\/users\/2"}],"replies":[{"embeddable":true,"href":"https:\/\/berliner-predigten.de\/blog\/wp-json\/wp\/v2\/comments?post=9634"}],"version-history":[{"count":22,"href":"https:\/\/berliner-predigten.de\/blog\/wp-json\/wp\/v2\/posts\/9634\/revisions"}],"predecessor-version":[{"id":9722,"href":"https:\/\/berliner-predigten.de\/blog\/wp-json\/wp\/v2\/posts\/9634\/revisions\/9722"}],"wp:featuredmedia":[{"embeddable":true,"href":"https:\/\/berliner-predigten.de\/blog\/wp-json\/wp\/v2\/media\/9672"}],"wp:attachment":[{"href":"https:\/\/berliner-predigten.de\/blog\/wp-json\/wp\/v2\/media?parent=9634"}],"wp:term":[{"taxonomy":"category","embeddable":true,"href":"https:\/\/berliner-predigten.de\/blog\/wp-json\/wp\/v2\/categories?post=9634"},{"taxonomy":"post_tag","embeddable":true,"href":"https:\/\/berliner-predigten.de\/blog\/wp-json\/wp\/v2\/tags?post=9634"}],"curies":[{"name":"wp","href":"https:\/\/api.w.org\/{rel}","templated":true}]}}