{"id":9413,"date":"2008-09-25T23:50:13","date_gmt":"2008-09-25T21:50:13","guid":{"rendered":"https:\/\/berliner-predigten.de\/blog\/?p=9413"},"modified":"2021-02-11T12:00:01","modified_gmt":"2021-02-11T11:00:01","slug":"erfahrungen-im-himmel","status":"publish","type":"post","link":"https:\/\/berliner-predigten.de\/blog\/2008\/09\/25\/erfahrungen-im-himmel\/","title":{"rendered":"Erfahrungen im Himmel"},"content":{"rendered":"<p><a href=\"https:\/\/berliner-predigten.de\/blog\/wp-content\/uploads\/2008\/09\/don-piper-90-minuten-im-himmel.jpg\" target=\"_blank\" rel=\"noopener\"><img loading=\"lazy\" decoding=\"async\" class=\"alignleft wp-image-9431\" src=\"https:\/\/berliner-predigten.de\/blog\/wp-content\/uploads\/2008\/09\/don-piper-90-minuten-im-himmel.jpg\" alt=\"\" width=\"100\" height=\"152\" srcset=\"https:\/\/berliner-predigten.de\/blog\/wp-content\/uploads\/2008\/09\/don-piper-90-minuten-im-himmel.jpg 328w, https:\/\/berliner-predigten.de\/blog\/wp-content\/uploads\/2008\/09\/don-piper-90-minuten-im-himmel-197x300.jpg 197w\" sizes=\"auto, (max-width: 100px) 100vw, 100px\" \/><\/a>&#8222;Im Himmel war ich zu Hause; dort geh\u00f6rte ich hin. An diesem Ort wollte ich sein, mehr als ich jemals irgendwo auf der Erde hatte sein wollen. Die Zeit war nicht mehr, und ich lebte einfach in der Gegenwart. Alle Sorgen, \u00c4ngste und Bedenken waren verschwunden. Ich war v\u00f6llig bed\u00fcrfnislos und f\u00fchlte mich vollkommen gl\u00fccklich.&#8220; <em>\u223c Don Piper<\/em><\/p>\n<audio class=\"wp-audio-shortcode\" id=\"audio-9413-1\" preload=\"none\" style=\"width: 100%;\" controls=\"controls\"><source type=\"audio\/mpeg\" src=\"https:\/\/berliner-predigten.de\/dateien\/2008-09-25%20D_P_%20Erfahrungen%20im%20Himmel.mp3?_=1\" \/><a href=\"https:\/\/berliner-predigten.de\/dateien\/2008-09-25%20D_P_%20Erfahrungen%20im%20Himmel.mp3\">https:\/\/berliner-predigten.de\/dateien\/2008-09-25%20D_P_%20Erfahrungen%20im%20Himmel.mp3<\/a><\/audio>\n<p><!--more--><\/p>\n<p>Don Piper mit deutscher \u00dcbersetzung zu Gast im Gemeinde-Zentrum der Freien Nazarethkirche e.V., zweiter Abend<\/p>\n<p><strong>Hier der erste Abend seines Besuchs: <a href=\"https:\/\/berliner-predigten.de\/blog\/2008\/09\/24\/wie-ich-meinen-klinischen-tod-erlebte\/\" target=\"_blank\" rel=\"noopener\">Wie ich meinen klinischen Tod erlebte<\/a><\/strong><\/p>\n<p>Wer uns unterst\u00fctzen m\u00f6chte, kann dies hier tun: <a href=\"https:\/\/berliner-predigten.de\/blog\/spenden\/\" target=\"_blank\" rel=\"noopener noreferrer\">\u2665 Spenden \u2665<\/a><\/p>\n<p><em>Predigt herunterladen: <a href=\"\/\/berliner-predigten.de\/dateien\/2008-09-25%20D_P_%20Erfahrungen%20im%20Himmel.mp3\" target=\"_blank\" rel=\"noopener noreferrer\">2008-09-25 Erfahrungen im Himmel<\/a><\/em><\/p>\n","protected":false},"excerpt":{"rendered":"<p>&#8222;Im Himmel war ich zu Hause; dort geh\u00f6rte ich hin. An diesem Ort wollte ich sein, mehr als ich jemals irgendwo auf der Erde hatte sein wollen. Die Zeit war nicht mehr, und ich lebte einfach in der Gegenwart. Alle Sorgen, \u00c4ngste und Bedenken waren verschwunden. Ich war v\u00f6llig bed\u00fcrfnislos und f\u00fchlte mich vollkommen gl\u00fccklich.&#8220; \u223c Don Piper<\/p>\n","protected":false},"author":2,"featured_media":9428,"comment_status":"open","ping_status":"closed","sticky":false,"template":"","format":"standard","meta":{"footnotes":""},"categories":[1212,2],"tags":[234,527,1213],"class_list":["post-9413","post","type-post","status-publish","format-standard","has-post-thumbnail","hentry","category-don-piper","category-predigt","tag-ewigkeit","tag-himmel","tag-selbst-erlebt","comments-off"],"_links":{"self":[{"href":"https:\/\/berliner-predigten.de\/blog\/wp-json\/wp\/v2\/posts\/9413","targetHints":{"allow":["GET"]}}],"collection":[{"href":"https:\/\/berliner-predigten.de\/blog\/wp-json\/wp\/v2\/posts"}],"about":[{"href":"https:\/\/berliner-predigten.de\/blog\/wp-json\/wp\/v2\/types\/post"}],"author":[{"embeddable":true,"href":"https:\/\/berliner-predigten.de\/blog\/wp-json\/wp\/v2\/users\/2"}],"replies":[{"embeddable":true,"href":"https:\/\/berliner-predigten.de\/blog\/wp-json\/wp\/v2\/comments?post=9413"}],"version-history":[{"count":12,"href":"https:\/\/berliner-predigten.de\/blog\/wp-json\/wp\/v2\/posts\/9413\/revisions"}],"predecessor-version":[{"id":9440,"href":"https:\/\/berliner-predigten.de\/blog\/wp-json\/wp\/v2\/posts\/9413\/revisions\/9440"}],"wp:featuredmedia":[{"embeddable":true,"href":"https:\/\/berliner-predigten.de\/blog\/wp-json\/wp\/v2\/media\/9428"}],"wp:attachment":[{"href":"https:\/\/berliner-predigten.de\/blog\/wp-json\/wp\/v2\/media?parent=9413"}],"wp:term":[{"taxonomy":"category","embeddable":true,"href":"https:\/\/berliner-predigten.de\/blog\/wp-json\/wp\/v2\/categories?post=9413"},{"taxonomy":"post_tag","embeddable":true,"href":"https:\/\/berliner-predigten.de\/blog\/wp-json\/wp\/v2\/tags?post=9413"}],"curies":[{"name":"wp","href":"https:\/\/api.w.org\/{rel}","templated":true}]}}