{"id":9122,"date":"2021-01-24T20:12:37","date_gmt":"2021-01-24T19:12:37","guid":{"rendered":"https:\/\/berliner-predigten.de\/blog\/?p=9122"},"modified":"2021-01-31T20:52:07","modified_gmt":"2021-01-31T19:52:07","slug":"themen-der-woche-2021-04","status":"publish","type":"post","link":"https:\/\/berliner-predigten.de\/blog\/2021\/01\/24\/themen-der-woche-2021-04\/","title":{"rendered":"Themen der Woche 2021\/04"},"content":{"rendered":"<p>Die Themen f\u00fcr die Woche 2021\/04 im <a href=\"https:\/\/gemeindezentrum.berlin\/\" target=\"_blank\" rel=\"noopener noreferrer\">Gemeinde-Zentrum<\/a> \u2013 komm vorbei oder h\u00f6re Pastor Johannes W. Matutis im Internet (jeweils 2 Stunden sp\u00e4ter).<\/p>\n<p>Mittwoch, 27. Januar 2021, 16 Uhr:<br \/>\n<a href=\"https:\/\/berliner-predigten.de\/blog\/2021\/01\/27\/wie-ist-der-gott-der-bibel\/\"><strong>Wie ist der Gott der Bibel?<\/strong><\/a><\/p>\n<p>Freitag, 29. Januar 2021, 19 Uhr:<br \/>\n<strong><a href=\"https:\/\/berliner-predigten.de\/blog\/2021\/01\/29\/wir-sind-fuer-heute-und-jetzt\/\">Wir sind f\u00fcr Heute und Jetzt<\/a><br \/>\n<\/strong><\/p>\n<p>Samstag, 30. Januar 2021, 19 Uhr:<br \/>\n<strong><a href=\"https:\/\/berliner-predigten.de\/blog\/2021\/01\/30\/gehe-auf-das-ziel-zu\/\">Gehe auf das Ziel zu<\/a><br \/>\n<\/strong><\/p>\n<p>Sonntag, 31. Januar 2021, 10 Uhr:<br \/>\n<a href=\"https:\/\/berliner-predigten.de\/blog\/2021\/01\/31\/die-innere-einigkeit\/\"><strong>Die innere Einigkeit<\/strong><\/a><\/p>\n<p><!--more--><\/p>\n<hr \/>\n<blockquote><p><strong>Ein prophetisches WORT\u2026 f\u00fcr HEUTE\u2026 f\u00fcr Dich\u2026<\/strong><br \/>\nSo spricht der Herr, mach dich jetzt bereit, vorw\u00e4rts zu gehen, wage neue Schritte.<br \/>\nEs ist Zeit, das du von dir aus etwas unternimmst.<br \/>\nBefreie dich von unn\u00f6tigem Ballast.<br \/>\nBefreie dich von Menschen, die dir nicht liegen, die dir deine Zeit stehlen, die negativ sind und nur negativ reden.<br \/>\nWandle nicht in ihrem Rat.<br \/>\nLass dich nicht von ihnen bestimmen.<br \/>\nLerne, auf dein Herz und mein Wort zu h\u00f6ren.<br \/>\nMach keine faulen Kompromisse.<br \/>\nGef\u00e4lligkeiten zahlen sich nicht aus.<br \/>\nGehe unn\u00f6tigen Spannungen aus dem Weg.<br \/>\n<em>Bitte TEILEN\u2026 WEITERGEBEN\u2026 IRGEND JEMAND BRAUCHT ES DRINGEND !!!!!!!!<\/em><\/p><\/blockquote>\n","protected":false},"excerpt":{"rendered":"<p>Die Themen f\u00fcr die Woche 2021\/04 im Gemeinde-Zentrum \u2013 komm vorbei oder h\u00f6re Pastor Johannes W. Matutis im Internet (jeweils 2 Stunden sp\u00e4ter). Mittwoch, 27. Januar 2021, 16 Uhr: Wie ist der Gott der Bibel? Freitag, 29. Januar 2021, 19 Uhr: Wir sind f\u00fcr Heute und Jetzt Samstag, 30. Januar 2021, 19 Uhr: Gehe auf das Ziel zu Sonntag, 31. Januar 2021, 10 Uhr: Die innere Einigkeit<\/p>\n","protected":false},"author":2,"featured_media":9140,"comment_status":"open","ping_status":"open","sticky":false,"template":"","format":"standard","meta":{"footnotes":""},"categories":[3],"tags":[],"class_list":["post-9122","post","type-post","status-publish","format-standard","has-post-thumbnail","hentry","category-termine-und-themen","comments-off"],"_links":{"self":[{"href":"https:\/\/berliner-predigten.de\/blog\/wp-json\/wp\/v2\/posts\/9122","targetHints":{"allow":["GET"]}}],"collection":[{"href":"https:\/\/berliner-predigten.de\/blog\/wp-json\/wp\/v2\/posts"}],"about":[{"href":"https:\/\/berliner-predigten.de\/blog\/wp-json\/wp\/v2\/types\/post"}],"author":[{"embeddable":true,"href":"https:\/\/berliner-predigten.de\/blog\/wp-json\/wp\/v2\/users\/2"}],"replies":[{"embeddable":true,"href":"https:\/\/berliner-predigten.de\/blog\/wp-json\/wp\/v2\/comments?post=9122"}],"version-history":[{"count":9,"href":"https:\/\/berliner-predigten.de\/blog\/wp-json\/wp\/v2\/posts\/9122\/revisions"}],"predecessor-version":[{"id":9235,"href":"https:\/\/berliner-predigten.de\/blog\/wp-json\/wp\/v2\/posts\/9122\/revisions\/9235"}],"wp:featuredmedia":[{"embeddable":true,"href":"https:\/\/berliner-predigten.de\/blog\/wp-json\/wp\/v2\/media\/9140"}],"wp:attachment":[{"href":"https:\/\/berliner-predigten.de\/blog\/wp-json\/wp\/v2\/media?parent=9122"}],"wp:term":[{"taxonomy":"category","embeddable":true,"href":"https:\/\/berliner-predigten.de\/blog\/wp-json\/wp\/v2\/categories?post=9122"},{"taxonomy":"post_tag","embeddable":true,"href":"https:\/\/berliner-predigten.de\/blog\/wp-json\/wp\/v2\/tags?post=9122"}],"curies":[{"name":"wp","href":"https:\/\/api.w.org\/{rel}","templated":true}]}}