{"id":8897,"date":"2021-01-08T20:55:38","date_gmt":"2021-01-08T19:55:38","guid":{"rendered":"https:\/\/berliner-predigten.de\/blog\/?p=8897"},"modified":"2021-11-10T14:54:54","modified_gmt":"2021-11-10T13:54:54","slug":"du-hast-eine-groessere-bestimmung","status":"publish","type":"post","link":"https:\/\/berliner-predigten.de\/blog\/2021\/01\/08\/du-hast-eine-groessere-bestimmung\/","title":{"rendered":"Du hast eine gr\u00f6\u00dfere Bestimmung"},"content":{"rendered":"<p>Wir sind vom b\u00fcrgerlichen Kleinkram erl\u00f6st. Was dir vor die H\u00e4nde kommt, das tue, unsere Zeit ist jetzt. Nimm Gott ernst und befolge seine Gebote.<\/p>\n<audio class=\"wp-audio-shortcode\" id=\"audio-8897-1\" preload=\"none\" style=\"width: 100%;\" controls=\"controls\"><source type=\"audio\/mpeg\" src=\"https:\/\/berliner-predigten.de\/dateien\/2021-01-08-Du-hast-eine-groessere-Bestimmung.mp3?_=1\" \/><a href=\"https:\/\/berliner-predigten.de\/dateien\/2021-01-08-Du-hast-eine-groessere-Bestimmung.mp3\">https:\/\/berliner-predigten.de\/dateien\/2021-01-08-Du-hast-eine-groessere-Bestimmung.mp3<\/a><\/audio>\n<p><!--more--><\/p>\n<p><strong>Stichworte:<\/strong> <a href=\"https:\/\/www.schlachterbibel.de\/de\/bibel\/1_johannes\/3\/1-2?hl=1#hl\" target=\"_blank\" rel=\"noopener\">die Welt erkennt uns nicht<\/a> &#8211; &#8222;du bist nichts, du kannst nichts, aus dir wird nichts&#8220; &#8211; einfach f\u00fcr Gott da sein &#8211; alle M\u00f6glichkeiten und Unm\u00f6glichkeiten zur Ehre Gottes nutzen &#8211; <a href=\"https:\/\/www.schlachterbibel.de\/de\/bibel\/roemer\/8\/18?hl=1#hl\" target=\"_blank\" rel=\"noopener\">die Herrlichkeit, die an uns offenbart werden soll<\/a> &#8211; K\u00f6nige und Priester &#8211; was ist echtes Christsein? &#8211; gro\u00dfz\u00fcgig statt kleinkariert &#8211; wie komme ich zu meiner Bestimmung? &#8211; die Stunde Gottes &#8211; vom Leben bestraft &#8211; was tust du f\u00fcr dich selbst? &#8211; h\u00e4tt&#8216; ich blo\u00df, h\u00e4tt&#8216; ich blo\u00df &#8230; &#8211; das Leiden am ungelebten Leben &#8211; deiner Bestimmung nachjagen &#8211; Gemeinschaft mit Gott haben &#8211; &#8222;er konnte sein Ideal nicht verwirklichen&#8220; &#8211; angeregt statt aufgeregt &#8211; gefangen in der Gefall-Falle &#8211; sie tat, was sie konnte &#8211; sich f\u00fcr Jesus verschwenden &#8211; nimm dich in Acht vor dem Judas &#8211; was w\u00fcrde Jesus tun? &#8211; Maria Magdalena &#8211; f\u00fcr Jesus leben<\/p>\n<p><em>Predigt herunterladen: <a href=\"https:\/\/berliner-predigten.de\/dateien\/2021-01-08-Du-hast-eine-groessere-Bestimmung.mp3\" target=\"_blank\" rel=\"noopener noreferrer\">2021-01-08 Du hast eine gr\u00f6\u00dfere Bestimmung<\/a><\/em><\/p>\n<div style=\"width: 640px;\" class=\"wp-video\"><video class=\"wp-video-shortcode\" id=\"video-8897-1\" width=\"640\" height=\"360\" preload=\"metadata\" controls=\"controls\"><source type=\"video\/mp4\" src=\"https:\/\/video-predigten.de\/2021\/210108-Du-hast-eine-groessere-Bestimmung.mp4?_=1\" \/><a href=\"https:\/\/video-predigten.de\/2021\/210108-Du-hast-eine-groessere-Bestimmung.mp4\">https:\/\/video-predigten.de\/2021\/210108-Du-hast-eine-groessere-Bestimmung.mp4<\/a><\/video><\/div>\n<p><em>Video herunterladen: <a href=\"https:\/\/video-predigten.de\/2021\/210108-Du-hast-eine-groessere-Bestimmung.mp4\" target=\"_blank\" rel=\"noopener\">Du hast eine gr\u00f6\u00dfere Bestimmung<\/a><\/em><\/p>\n<p>Wer uns unterst\u00fctzen m\u00f6chte, kann dies hier tun: <a href=\"https:\/\/berliner-predigten.de\/blog\/spenden\/\" target=\"_blank\" rel=\"noopener noreferrer\">\u2665 Spenden \u2665<\/a><\/p>\n<p><a href=\"https:\/\/berliner-predigten.de\/blog\/wp-content\/uploads\/2021\/01\/210108-wir-sind-vom-buergerlichen-kleinkram.jpg\" target=\"_blank\" rel=\"noopener\"><img loading=\"lazy\" decoding=\"async\" class=\"alignnone wp-image-8966\" src=\"https:\/\/berliner-predigten.de\/blog\/wp-content\/uploads\/2021\/01\/210108-wir-sind-vom-buergerlichen-kleinkram.jpg\" alt=\"\" width=\"70\" height=\"70\" srcset=\"https:\/\/berliner-predigten.de\/blog\/wp-content\/uploads\/2021\/01\/210108-wir-sind-vom-buergerlichen-kleinkram.jpg 700w, https:\/\/berliner-predigten.de\/blog\/wp-content\/uploads\/2021\/01\/210108-wir-sind-vom-buergerlichen-kleinkram-300x300.jpg 300w, https:\/\/berliner-predigten.de\/blog\/wp-content\/uploads\/2021\/01\/210108-wir-sind-vom-buergerlichen-kleinkram-150x150.jpg 150w\" sizes=\"auto, (max-width: 70px) 100vw, 70px\" \/><\/a><\/p>\n","protected":false},"excerpt":{"rendered":"<p>Wir sind vom b\u00fcrgerlichen Kleinkram erl\u00f6st. Was dir vor die H\u00e4nde kommt, das tue, unsere Zeit ist jetzt. Nimm Gott ernst und befolge seine Gebote.<\/p>\n","protected":false},"author":2,"featured_media":8975,"comment_status":"open","ping_status":"closed","sticky":false,"template":"","format":"standard","meta":{"footnotes":""},"categories":[12,2,1434],"tags":[373,665,1163,375,832,833,1165,544,1166],"class_list":["post-8897","post","type-post","status-publish","format-standard","has-post-thumbnail","hentry","category-j-w-matutis","category-predigt","category-video","tag-bestimmung","tag-deine-bestimmung","tag-groesser","tag-haben","tag-heute","tag-jetzt","tag-judas","tag-liebe","tag-maria-magdalena","comments-off"],"_links":{"self":[{"href":"https:\/\/berliner-predigten.de\/blog\/wp-json\/wp\/v2\/posts\/8897","targetHints":{"allow":["GET"]}}],"collection":[{"href":"https:\/\/berliner-predigten.de\/blog\/wp-json\/wp\/v2\/posts"}],"about":[{"href":"https:\/\/berliner-predigten.de\/blog\/wp-json\/wp\/v2\/types\/post"}],"author":[{"embeddable":true,"href":"https:\/\/berliner-predigten.de\/blog\/wp-json\/wp\/v2\/users\/2"}],"replies":[{"embeddable":true,"href":"https:\/\/berliner-predigten.de\/blog\/wp-json\/wp\/v2\/comments?post=8897"}],"version-history":[{"count":16,"href":"https:\/\/berliner-predigten.de\/blog\/wp-json\/wp\/v2\/posts\/8897\/revisions"}],"predecessor-version":[{"id":13145,"href":"https:\/\/berliner-predigten.de\/blog\/wp-json\/wp\/v2\/posts\/8897\/revisions\/13145"}],"wp:featuredmedia":[{"embeddable":true,"href":"https:\/\/berliner-predigten.de\/blog\/wp-json\/wp\/v2\/media\/8975"}],"wp:attachment":[{"href":"https:\/\/berliner-predigten.de\/blog\/wp-json\/wp\/v2\/media?parent=8897"}],"wp:term":[{"taxonomy":"category","embeddable":true,"href":"https:\/\/berliner-predigten.de\/blog\/wp-json\/wp\/v2\/categories?post=8897"},{"taxonomy":"post_tag","embeddable":true,"href":"https:\/\/berliner-predigten.de\/blog\/wp-json\/wp\/v2\/tags?post=8897"}],"curies":[{"name":"wp","href":"https:\/\/api.w.org\/{rel}","templated":true}]}}