{"id":7963,"date":"2020-11-18T18:19:24","date_gmt":"2020-11-18T17:19:24","guid":{"rendered":"https:\/\/berliner-predigten.de\/blog\/?p=7963"},"modified":"2020-11-18T20:17:03","modified_gmt":"2020-11-18T19:17:03","slug":"jeder-kann-der-erste-sein","status":"publish","type":"post","link":"https:\/\/berliner-predigten.de\/blog\/2020\/11\/18\/jeder-kann-der-erste-sein\/","title":{"rendered":"Jeder kann der Erste sein"},"content":{"rendered":"<p>Der Erste braucht das Doppelte &#8211; das Diesseitige und das Jenseitige. Wie findet man Gunst bei Gott und den Menschen? Gott hat deine Vergangenheit bereinigt, jetzt geht es um deine Zukunft.<\/p>\n<audio class=\"wp-audio-shortcode\" id=\"audio-7963-1\" preload=\"none\" style=\"width: 100%;\" controls=\"controls\"><source type=\"audio\/mpeg\" src=\"https:\/\/berliner-predigten.de\/dateien\/2020-11-18-Jeder-kann-der-Erste-sein.mp3?_=1\" \/><a href=\"https:\/\/berliner-predigten.de\/dateien\/2020-11-18-Jeder-kann-der-Erste-sein.mp3\">https:\/\/berliner-predigten.de\/dateien\/2020-11-18-Jeder-kann-der-Erste-sein.mp3<\/a><\/audio>\n<p><!--more--><\/p>\n<p><strong>Stichworte:<\/strong> <a href=\"https:\/\/www.schlachterbibel.de\/de\/bibel\/2_koenige\/2\/9-11?hl=1#hl\" target=\"_blank\" rel=\"noopener noreferrer\">du hast etwas Schweres erbeten<\/a> &#8211; den Preis bezahlen &#8211; nicht durchschnittlich bleiben wollen &#8211; es braucht Ausdauer und Geduld &#8211; <a href=\"https:\/\/www.schlachterbibel.de\/de\/bibel\/psalm\/81\/11\/?hl=1#hl\" target=\"_blank\" rel=\"noopener noreferrer\">tue deinen Mund weit auf<\/a> &#8211; setzen wir alles auf eine Karte? &#8211; o, ihr Kleingl\u00e4ubigen &#8211; eifern im Unverstand &#8211; die Zeit muss reif sein &#8211; gib dich nicht auf &#8211; treu sein &#8211; Verstand und Wille &#8211; <a href=\"https:\/\/www.schlachterbibel.de\/de\/bibel\/matthaeus\/11\/12?hl=1#hl\" target=\"_blank\" rel=\"noopener noreferrer\">das Himmelreich mit Gewaltanwendung an sich rei\u00dfen<\/a> &#8211; mit Gott k\u00e4mpfen &#8211; bitten, suchen und klopfen &#8211; sich nur auf das Ziel konzentrieren &#8211; nicht verwerflich werden &#8211; sich in Nebens\u00e4chlichkeiten verzetteln &#8211; ich will streben nach dem Leben &#8211; reine Motive &#8211; geht es allein um Gottes Ehre? &#8211; <a href=\"https:\/\/www.schlachterbibel.de\/de\/bibel\/hesekiel\/9\/1-6?hl=1#hl\" target=\"_blank\" rel=\"noopener noreferrer\">\u00fcber die S\u00fcnden des Volkes weinen<\/a> &#8211; der Bu\u00df- und Bettag &#8211; wo sind die Heiligen? &#8211; alle Br\u00fccken zur Welt abbrechen &#8211; ausschlie\u00dflich f\u00fcr Gott leben &#8211; der Heiligung nachjagen &#8211; gesegnet werden, aber kein Segen sein wollen &#8211; Jesus nachfolgen &#8211; Opfer bringen &#8211; <a href=\"https:\/\/www.schlachterbibel.de\/de\/bibel\/2_koenige\/2\/14?hl=1#hl\" target=\"_blank\" rel=\"noopener noreferrer\">wo ist der Gott des Elia?<\/a><\/p>\n<p>Wer uns unterst\u00fctzen m\u00f6chte, kann dies hier tun: <a href=\"https:\/\/berliner-predigten.de\/blog\/spenden\/\" target=\"_blank\" rel=\"noopener noreferrer\">\u2665 Spenden \u2665<\/a><\/p>\n<p><em>Predigt herunterladen: <a href=\"https:\/\/berliner-predigten.de\/dateien\/2020-11-18-Jeder-kann-der-Erste-sein.mp3\" target=\"_blank\" rel=\"noopener noreferrer\">2020-11-18 Jeder kann der Erste sein<\/a><\/em><\/p>\n<p><a href=\"https:\/\/berliner-predigten.de\/blog\/wp-content\/uploads\/2020\/11\/201118-der-erste-braucht-das-doppelte.jpg\" target=\"_blank\" rel=\"noopener noreferrer\"><img loading=\"lazy\" decoding=\"async\" class=\"alignnone wp-image-7996\" src=\"https:\/\/berliner-predigten.de\/blog\/wp-content\/uploads\/2020\/11\/201118-der-erste-braucht-das-doppelte.jpg\" alt=\"\" width=\"70\" height=\"70\" srcset=\"https:\/\/berliner-predigten.de\/blog\/wp-content\/uploads\/2020\/11\/201118-der-erste-braucht-das-doppelte.jpg 700w, https:\/\/berliner-predigten.de\/blog\/wp-content\/uploads\/2020\/11\/201118-der-erste-braucht-das-doppelte-300x300.jpg 300w, https:\/\/berliner-predigten.de\/blog\/wp-content\/uploads\/2020\/11\/201118-der-erste-braucht-das-doppelte-150x150.jpg 150w\" sizes=\"auto, (max-width: 70px) 100vw, 70px\" \/><\/a><\/p>\n","protected":false},"excerpt":{"rendered":"<p>Der Erste braucht das Doppelte &#8211; das Diesseitige und das Jenseitige. Wie findet man Gunst bei Gott und den Menschen? Gott hat deine Vergangenheit bereinigt, jetzt geht es um deine Zukunft.<\/p>\n","protected":false},"author":2,"featured_media":7967,"comment_status":"open","ping_status":"closed","sticky":false,"template":"","format":"standard","meta":{"footnotes":""},"categories":[12,2],"tags":[1093,1092,995,1091,1090,1094,782,123,324,1096,1095],"class_list":["post-7963","post","type-post","status-publish","format-standard","has-post-thumbnail","hentry","category-j-w-matutis","category-predigt","tag-beste","tag-erste","tag-erstgeburt","tag-jede","tag-jeder","tag-kann","tag-salbung","tag-segen","tag-sein","tag-verstand","tag-willen","comments-off"],"_links":{"self":[{"href":"https:\/\/berliner-predigten.de\/blog\/wp-json\/wp\/v2\/posts\/7963","targetHints":{"allow":["GET"]}}],"collection":[{"href":"https:\/\/berliner-predigten.de\/blog\/wp-json\/wp\/v2\/posts"}],"about":[{"href":"https:\/\/berliner-predigten.de\/blog\/wp-json\/wp\/v2\/types\/post"}],"author":[{"embeddable":true,"href":"https:\/\/berliner-predigten.de\/blog\/wp-json\/wp\/v2\/users\/2"}],"replies":[{"embeddable":true,"href":"https:\/\/berliner-predigten.de\/blog\/wp-json\/wp\/v2\/comments?post=7963"}],"version-history":[{"count":6,"href":"https:\/\/berliner-predigten.de\/blog\/wp-json\/wp\/v2\/posts\/7963\/revisions"}],"predecessor-version":[{"id":7997,"href":"https:\/\/berliner-predigten.de\/blog\/wp-json\/wp\/v2\/posts\/7963\/revisions\/7997"}],"wp:featuredmedia":[{"embeddable":true,"href":"https:\/\/berliner-predigten.de\/blog\/wp-json\/wp\/v2\/media\/7967"}],"wp:attachment":[{"href":"https:\/\/berliner-predigten.de\/blog\/wp-json\/wp\/v2\/media?parent=7963"}],"wp:term":[{"taxonomy":"category","embeddable":true,"href":"https:\/\/berliner-predigten.de\/blog\/wp-json\/wp\/v2\/categories?post=7963"},{"taxonomy":"post_tag","embeddable":true,"href":"https:\/\/berliner-predigten.de\/blog\/wp-json\/wp\/v2\/tags?post=7963"}],"curies":[{"name":"wp","href":"https:\/\/api.w.org\/{rel}","templated":true}]}}