{"id":6790,"date":"2020-10-03T20:30:43","date_gmt":"2020-10-03T18:30:43","guid":{"rendered":"https:\/\/berliner-predigten.de\/blog\/?p=6790"},"modified":"2020-11-25T09:54:55","modified_gmt":"2020-11-25T08:54:55","slug":"sind-wir-noch-ganz-dicht","status":"publish","type":"post","link":"https:\/\/berliner-predigten.de\/blog\/2020\/10\/03\/sind-wir-noch-ganz-dicht\/","title":{"rendered":"Sind wir noch ganz dicht?"},"content":{"rendered":"<p>Rechts im Bild werden wir gefragt: SIND WIR NOCH GANZ DICHT?<\/p>\n<p><!--more--><\/p>\n<p>Jeder h\u00e4lt sich selbst f\u00fcr richtig, also auf Berlinerisch f\u00fcr ganz dicht, doch am Ende des Tages wird Gottes Wort unser Richter sein.<\/p>\n<p><a href=\"https:\/\/berliner-predigten.de\/blog\/wp-content\/uploads\/2020\/10\/201003-035-1.jpg\" target=\"_blank\" rel=\"noopener noreferrer\"><img loading=\"lazy\" decoding=\"async\" class=\"wp-image-6793 size-full\" src=\"https:\/\/berliner-predigten.de\/blog\/wp-content\/uploads\/2020\/10\/201003-035-1.jpg\" alt=\"\" width=\"1024\" height=\"576\" srcset=\"https:\/\/berliner-predigten.de\/blog\/wp-content\/uploads\/2020\/10\/201003-035-1.jpg 1024w, https:\/\/berliner-predigten.de\/blog\/wp-content\/uploads\/2020\/10\/201003-035-1-300x169.jpg 300w, https:\/\/berliner-predigten.de\/blog\/wp-content\/uploads\/2020\/10\/201003-035-1-768x432.jpg 768w, https:\/\/berliner-predigten.de\/blog\/wp-content\/uploads\/2020\/10\/201003-035-1-640x360.jpg 640w\" sizes=\"auto, (max-width: 1024px) 100vw, 1024px\" \/><\/a><\/p>\n<p>Wer es hier und heute h\u00f6ren w\u00fcrde, f\u00e4nde Gnade.<\/p>\n","protected":false},"excerpt":{"rendered":"<p>Rechts im Bild werden wir gefragt: SIND WIR NOCH GANZ DICHT?<\/p>\n","protected":false},"author":2,"featured_media":6791,"comment_status":"open","ping_status":"closed","sticky":false,"template":"","format":"standard","meta":{"footnotes":""},"categories":[8],"tags":[],"class_list":["post-6790","post","type-post","status-publish","format-standard","has-post-thumbnail","hentry","category-zwischendrin","comments-off"],"_links":{"self":[{"href":"https:\/\/berliner-predigten.de\/blog\/wp-json\/wp\/v2\/posts\/6790","targetHints":{"allow":["GET"]}}],"collection":[{"href":"https:\/\/berliner-predigten.de\/blog\/wp-json\/wp\/v2\/posts"}],"about":[{"href":"https:\/\/berliner-predigten.de\/blog\/wp-json\/wp\/v2\/types\/post"}],"author":[{"embeddable":true,"href":"https:\/\/berliner-predigten.de\/blog\/wp-json\/wp\/v2\/users\/2"}],"replies":[{"embeddable":true,"href":"https:\/\/berliner-predigten.de\/blog\/wp-json\/wp\/v2\/comments?post=6790"}],"version-history":[{"count":14,"href":"https:\/\/berliner-predigten.de\/blog\/wp-json\/wp\/v2\/posts\/6790\/revisions"}],"predecessor-version":[{"id":8160,"href":"https:\/\/berliner-predigten.de\/blog\/wp-json\/wp\/v2\/posts\/6790\/revisions\/8160"}],"wp:featuredmedia":[{"embeddable":true,"href":"https:\/\/berliner-predigten.de\/blog\/wp-json\/wp\/v2\/media\/6791"}],"wp:attachment":[{"href":"https:\/\/berliner-predigten.de\/blog\/wp-json\/wp\/v2\/media?parent=6790"}],"wp:term":[{"taxonomy":"category","embeddable":true,"href":"https:\/\/berliner-predigten.de\/blog\/wp-json\/wp\/v2\/categories?post=6790"},{"taxonomy":"post_tag","embeddable":true,"href":"https:\/\/berliner-predigten.de\/blog\/wp-json\/wp\/v2\/tags?post=6790"}],"curies":[{"name":"wp","href":"https:\/\/api.w.org\/{rel}","templated":true}]}}