{"id":5154,"date":"2020-06-26T20:30:58","date_gmt":"2020-06-26T18:30:58","guid":{"rendered":"https:\/\/berliner-predigten.de\/blog\/?p=5154"},"modified":"2020-12-17T09:09:39","modified_gmt":"2020-12-17T08:09:39","slug":"handle-nach-deinem-glauben","status":"publish","type":"post","link":"https:\/\/berliner-predigten.de\/blog\/2020\/06\/26\/handle-nach-deinem-glauben\/","title":{"rendered":"Handle nach deinem Glauben"},"content":{"rendered":"<p>Der in dir, den du f\u00fctterst, der wird siegen. Nach deinem Glauben wird es geschehen.<\/p>\n<audio class=\"wp-audio-shortcode\" id=\"audio-5154-1\" preload=\"none\" style=\"width: 100%;\" controls=\"controls\"><source type=\"audio\/mpeg\" src=\"https:\/\/berliner-predigten.de\/dateien\/2020-06-26-Handle-nach-deinem-Glauben.mp3?_=1\" \/><a href=\"https:\/\/berliner-predigten.de\/dateien\/2020-06-26-Handle-nach-deinem-Glauben.mp3\">https:\/\/berliner-predigten.de\/dateien\/2020-06-26-Handle-nach-deinem-Glauben.mp3<\/a><\/audio>\n<p><!--more--><\/p>\n<p><strong>Stichworte:<\/strong> wir stehen zwischen den Fronten &#8211; <a href=\"https:\/\/www.schlachterbibel.de\/de\/bibel\/lukas\/18\/7?hl=1#hl\" target=\"_blank\" rel=\"noopener noreferrer\">Gott wird seinen Auserw\u00e4hlten Recht schaffen<\/a> &#8211; der wei\u00dfe und der schwarze Wolf &#8211; ohne Regenschirm gehen, aber f\u00fcr Regen beten &#8211; dein Glaube hat dich geheilt &#8211; <a href=\"https:\/\/www.schlachterbibel.de\/de\/bibel\/1_johannes\/5\/4?hl=1#hl\" target=\"_blank\" rel=\"noopener noreferrer\">unser Glaube ist der Sieg, der die Welt \u00fcberwunden hat<\/a> &#8211; S\u00fcnden bekennen, Bu\u00dfe ist Umkehr &#8211; Krankheit ist ein St\u00fcck Heiligung &#8211; wer nicht h\u00f6rt, der mu\u00df f\u00fchlen &#8211; <a href=\"https:\/\/www.schlachterbibel.de\/de\/bibel\/hesekiel\/18\/27?hl=1#hl\" target=\"_blank\" rel=\"noopener noreferrer\">wir bekommen immer das, was wir verdient haben<\/a> &#8211; Krankheiten der Seele &#8211; Gott Recht geben &#8211; alles wird auf Herz und Nieren gepr\u00fcft &#8211; wissen, was geschrieben steht &#8211; Glaube wird getestet &#8211; verachte nicht das prophetische Wort &#8211; lernen, auf Gott zu h\u00f6ren &#8211; selbst den Herrn fragen &#8211; Gott ist treu &#8211; Brot, Marmelade, Margarine &#8211; Gehorsam, Hingabe, Liebe &#8211; die Welt nicht mehr verstehen &#8211; &#8222;Gerhard, stehe auf&#8220; &#8211; Gehorsam lernen an dem, was wir leiden &#8211; Satan ist unser Schulmeister, Not lehrt beten &#8211; es ist Kraft, Kraft, wunderbare Kraft in Jesu Blut &#8211; <a href=\"https:\/\/www.schlachterbibel.de\/de\/bibel\/roemer\/6\/11?hl=1#hl\" target=\"_blank\" rel=\"noopener noreferrer\">f\u00fcr die S\u00fcnde tot sein<\/a> &#8211; durch den Glauben beweisen, da\u00df Gott gut ist<\/p>\n<p>Sing mit: <a href=\"https:\/\/berliner-predigten.de\/blog\/2018\/05\/01\/wenn-auch-steile-und-ragende-berge\/\" target=\"_blank\" rel=\"noopener noreferrer\">Wenn auch steile und ragende Berge<\/a><\/p>\n<p>Wer uns unterst\u00fctzen m\u00f6chte, kann dies hier tun: <a href=\"https:\/\/berliner-predigten.de\/blog\/spenden\/\" target=\"_blank\" rel=\"noopener noreferrer\">\u2665 Spenden \u2665<\/a><\/p>\n<p><em>Predigt herunterladen: <a href=\"https:\/\/berliner-predigten.de\/dateien\/2020-06-26-Handle-nach-deinem-Glauben.mp3\" target=\"_blank\" rel=\"noopener noreferrer\">2020-06-26 Handle nach deinem Glauben<\/a><\/em><\/p>\n<p><a href=\"https:\/\/berliner-predigten.de\/blog\/wp-content\/uploads\/2020\/06\/200626-der-in-dir-den-du-fuetterst-1.jpg\" target=\"_blank\" rel=\"noopener\"><img loading=\"lazy\" decoding=\"async\" class=\"alignnone wp-image-8548\" src=\"https:\/\/berliner-predigten.de\/blog\/wp-content\/uploads\/2020\/06\/200626-der-in-dir-den-du-fuetterst-1.jpg\" alt=\"\" width=\"70\" height=\"70\" srcset=\"https:\/\/berliner-predigten.de\/blog\/wp-content\/uploads\/2020\/06\/200626-der-in-dir-den-du-fuetterst-1.jpg 700w, https:\/\/berliner-predigten.de\/blog\/wp-content\/uploads\/2020\/06\/200626-der-in-dir-den-du-fuetterst-1-300x300.jpg 300w, https:\/\/berliner-predigten.de\/blog\/wp-content\/uploads\/2020\/06\/200626-der-in-dir-den-du-fuetterst-1-150x150.jpg 150w\" sizes=\"auto, (max-width: 70px) 100vw, 70px\" \/><\/a><\/p>\n","protected":false},"excerpt":{"rendered":"<p>Der in dir, den du f\u00fctterst, der wird siegen. Nach deinem Glauben wird es geschehen.<\/p>\n","protected":false},"author":2,"featured_media":5173,"comment_status":"open","ping_status":"closed","sticky":false,"template":"","format":"standard","meta":{"footnotes":""},"categories":[12,2],"tags":[872,301,290,27,724,856,855,503,854],"class_list":["post-5154","post","type-post","status-publish","format-standard","has-post-thumbnail","hentry","category-j-w-matutis","category-predigt","tag-busse","tag-gehorsam","tag-glaube","tag-glauben","tag-gottes-stimme","tag-handeln","tag-handle","tag-krankheit","tag-nach","comments-off"],"_links":{"self":[{"href":"https:\/\/berliner-predigten.de\/blog\/wp-json\/wp\/v2\/posts\/5154","targetHints":{"allow":["GET"]}}],"collection":[{"href":"https:\/\/berliner-predigten.de\/blog\/wp-json\/wp\/v2\/posts"}],"about":[{"href":"https:\/\/berliner-predigten.de\/blog\/wp-json\/wp\/v2\/types\/post"}],"author":[{"embeddable":true,"href":"https:\/\/berliner-predigten.de\/blog\/wp-json\/wp\/v2\/users\/2"}],"replies":[{"embeddable":true,"href":"https:\/\/berliner-predigten.de\/blog\/wp-json\/wp\/v2\/comments?post=5154"}],"version-history":[{"count":23,"href":"https:\/\/berliner-predigten.de\/blog\/wp-json\/wp\/v2\/posts\/5154\/revisions"}],"predecessor-version":[{"id":8549,"href":"https:\/\/berliner-predigten.de\/blog\/wp-json\/wp\/v2\/posts\/5154\/revisions\/8549"}],"wp:featuredmedia":[{"embeddable":true,"href":"https:\/\/berliner-predigten.de\/blog\/wp-json\/wp\/v2\/media\/5173"}],"wp:attachment":[{"href":"https:\/\/berliner-predigten.de\/blog\/wp-json\/wp\/v2\/media?parent=5154"}],"wp:term":[{"taxonomy":"category","embeddable":true,"href":"https:\/\/berliner-predigten.de\/blog\/wp-json\/wp\/v2\/categories?post=5154"},{"taxonomy":"post_tag","embeddable":true,"href":"https:\/\/berliner-predigten.de\/blog\/wp-json\/wp\/v2\/tags?post=5154"}],"curies":[{"name":"wp","href":"https:\/\/api.w.org\/{rel}","templated":true}]}}