{"id":494,"date":"2019-08-23T21:06:19","date_gmt":"2019-08-23T19:06:19","guid":{"rendered":"https:\/\/berliner-predigten.de\/blog\/?p=494"},"modified":"2020-05-27T08:18:46","modified_gmt":"2020-05-27T06:18:46","slug":"die-persoenlichkeit-jesu","status":"publish","type":"post","link":"https:\/\/berliner-predigten.de\/blog\/2019\/08\/23\/die-persoenlichkeit-jesu\/","title":{"rendered":"Die Pers\u00f6nlichkeit Jesu"},"content":{"rendered":"<p>Pastor Matutis spricht \u00fcber die ber\u00fchmteste und bekannteste Pers\u00f6nlichkeit der Menschheitsgeschichte. Kann man Jesus auch pers\u00f6nlich kennenlernen, jenseits von Religion und Traditionen?<\/p>\n<audio class=\"wp-audio-shortcode\" id=\"audio-494-1\" preload=\"none\" style=\"width: 100%;\" controls=\"controls\"><source type=\"audio\/mpeg\" src=\"https:\/\/berliner-predigten.de\/dateien\/2019-08-23-Die-Persoenlichkeit-Jesu.mp3?_=1\" \/><a href=\"https:\/\/berliner-predigten.de\/dateien\/2019-08-23-Die-Persoenlichkeit-Jesu.mp3\">https:\/\/berliner-predigten.de\/dateien\/2019-08-23-Die-Persoenlichkeit-Jesu.mp3<\/a><\/audio>\n<p><!--more--><\/p>\n<p><strong>Stichworte:<\/strong><\/p>\n<p>Wer uns unterst\u00fctzen m\u00f6chte, kann dies hier tun: <a href=\"https:\/\/berliner-predigten.de\/blog\/spenden\/\" target=\"_blank\" rel=\"noopener noreferrer\">\u2665 Spenden \u2665<\/a><\/p>\n<p><em>Predigt herunterladen: <a href=\"https:\/\/berliner-predigten.de\/dateien\/2019-08-23-Die-Persoenlichkeit-Jesu.mp3\" target=\"_blank\" rel=\"noopener noreferrer\">2019-08-23 Die Pers\u00f6nlichkeit Jesu<\/a><\/em><\/p>\n","protected":false},"excerpt":{"rendered":"<p>Pastor Matutis spricht \u00fcber die ber\u00fchmteste und bekannteste Pers\u00f6nlichkeit der Menschheitsgeschichte. Kann man Jesus auch pers\u00f6nlich kennenlernen, jenseits von Religion und Traditionen?<\/p>\n","protected":false},"author":2,"featured_media":646,"comment_status":"open","ping_status":"closed","sticky":false,"template":"","format":"standard","meta":{"footnotes":""},"categories":[12,2],"tags":[445,446],"class_list":["post-494","post","type-post","status-publish","format-standard","has-post-thumbnail","hentry","category-j-w-matutis","category-predigt","tag-gottes-persoenlichkeit","tag-persoenlichkeit","comments-off"],"_links":{"self":[{"href":"https:\/\/berliner-predigten.de\/blog\/wp-json\/wp\/v2\/posts\/494","targetHints":{"allow":["GET"]}}],"collection":[{"href":"https:\/\/berliner-predigten.de\/blog\/wp-json\/wp\/v2\/posts"}],"about":[{"href":"https:\/\/berliner-predigten.de\/blog\/wp-json\/wp\/v2\/types\/post"}],"author":[{"embeddable":true,"href":"https:\/\/berliner-predigten.de\/blog\/wp-json\/wp\/v2\/users\/2"}],"replies":[{"embeddable":true,"href":"https:\/\/berliner-predigten.de\/blog\/wp-json\/wp\/v2\/comments?post=494"}],"version-history":[{"count":4,"href":"https:\/\/berliner-predigten.de\/blog\/wp-json\/wp\/v2\/posts\/494\/revisions"}],"predecessor-version":[{"id":4393,"href":"https:\/\/berliner-predigten.de\/blog\/wp-json\/wp\/v2\/posts\/494\/revisions\/4393"}],"wp:featuredmedia":[{"embeddable":true,"href":"https:\/\/berliner-predigten.de\/blog\/wp-json\/wp\/v2\/media\/646"}],"wp:attachment":[{"href":"https:\/\/berliner-predigten.de\/blog\/wp-json\/wp\/v2\/media?parent=494"}],"wp:term":[{"taxonomy":"category","embeddable":true,"href":"https:\/\/berliner-predigten.de\/blog\/wp-json\/wp\/v2\/categories?post=494"},{"taxonomy":"post_tag","embeddable":true,"href":"https:\/\/berliner-predigten.de\/blog\/wp-json\/wp\/v2\/tags?post=494"}],"curies":[{"name":"wp","href":"https:\/\/api.w.org\/{rel}","templated":true}]}}