{"id":32221,"date":"2026-09-06T11:00:19","date_gmt":"2026-09-06T09:00:19","guid":{"rendered":"https:\/\/berliner-predigten.de\/blog\/?p=32221"},"modified":"2026-09-06T03:32:17","modified_gmt":"2026-09-06T01:32:17","slug":"themen-der-woche-2026-37","status":"publish","type":"post","link":"https:\/\/berliner-predigten.de\/blog\/2026\/09\/06\/themen-der-woche-2026-37\/","title":{"rendered":"Themen der Woche 2026\/37"},"content":{"rendered":"<p style=\"text-align: left;\">Die Themen f\u00fcr die Woche 2026\/37 im <a href=\"https:\/\/gemeindezentrum.berlin\/\" target=\"_blank\" rel=\"noopener noreferrer\">Gemeinde-Zentrum<\/a> \u2013 komm vorbei oder h\u00f6re <a href=\"https:\/\/www.facebook.com\/johannes.matutis\" target=\"_blank\" rel=\"noopener\">Pastor Joh. W. Matutis<\/a> im Internet (jeweils 2 Stunden sp\u00e4ter).<\/p>\n<p>Mittwoch, 9. September 2026, 16 Uhr:<br \/>\n<strong>Biblische J\u00fcngerschaft<\/strong><\/p>\n<p>Freitag, 11. September 2026, 19 Uhr:<br \/>\n<strong>Das Weizenkorn<\/strong><\/p>\n<p>Samstag, 12. September 2026, 19 Uhr:<br \/>\n<strong>Transformation<\/strong><\/p>\n<p>Sonntag, 13. September 2026, 10 Uhr:<br \/>\n<strong>Das Blut ist st\u00e4rker<\/strong><\/p>\n","protected":false},"excerpt":{"rendered":"<p>Die Themen f\u00fcr die Woche 2026\/37 im Gemeinde-Zentrum \u2013 komm vorbei oder h\u00f6re Pastor Joh. W. Matutis im Internet (jeweils 2 Stunden sp\u00e4ter). Mittwoch, 9. September 2026, 16 Uhr: Biblische J\u00fcngerschaft Freitag, 11. September 2026, 19 Uhr: Das Weizenkorn Samstag, 12. September 2026, 19 Uhr: Transformation Sonntag, 13. September 2026, 10 Uhr: Das Blut ist st\u00e4rker<\/p>\n","protected":false},"author":2,"featured_media":32222,"comment_status":"closed","ping_status":"closed","sticky":false,"template":"","format":"standard","meta":{"footnotes":""},"categories":[3],"tags":[],"class_list":["post-32221","post","type-post","status-publish","format-standard","has-post-thumbnail","hentry","category-termine-und-themen","comments-off"],"_links":{"self":[{"href":"https:\/\/berliner-predigten.de\/blog\/wp-json\/wp\/v2\/posts\/32221","targetHints":{"allow":["GET"]}}],"collection":[{"href":"https:\/\/berliner-predigten.de\/blog\/wp-json\/wp\/v2\/posts"}],"about":[{"href":"https:\/\/berliner-predigten.de\/blog\/wp-json\/wp\/v2\/types\/post"}],"author":[{"embeddable":true,"href":"https:\/\/berliner-predigten.de\/blog\/wp-json\/wp\/v2\/users\/2"}],"replies":[{"embeddable":true,"href":"https:\/\/berliner-predigten.de\/blog\/wp-json\/wp\/v2\/comments?post=32221"}],"version-history":[{"count":1,"href":"https:\/\/berliner-predigten.de\/blog\/wp-json\/wp\/v2\/posts\/32221\/revisions"}],"predecessor-version":[{"id":32223,"href":"https:\/\/berliner-predigten.de\/blog\/wp-json\/wp\/v2\/posts\/32221\/revisions\/32223"}],"wp:featuredmedia":[{"embeddable":true,"href":"https:\/\/berliner-predigten.de\/blog\/wp-json\/wp\/v2\/media\/32222"}],"wp:attachment":[{"href":"https:\/\/berliner-predigten.de\/blog\/wp-json\/wp\/v2\/media?parent=32221"}],"wp:term":[{"taxonomy":"category","embeddable":true,"href":"https:\/\/berliner-predigten.de\/blog\/wp-json\/wp\/v2\/categories?post=32221"},{"taxonomy":"post_tag","embeddable":true,"href":"https:\/\/berliner-predigten.de\/blog\/wp-json\/wp\/v2\/tags?post=32221"}],"curies":[{"name":"wp","href":"https:\/\/api.w.org\/{rel}","templated":true}]}}