{"id":30982,"date":"2026-05-03T13:09:20","date_gmt":"2026-05-03T11:09:20","guid":{"rendered":"https:\/\/berliner-predigten.de\/blog\/?p=30982"},"modified":"2026-05-03T13:09:20","modified_gmt":"2026-05-03T11:09:20","slug":"themen-der-woche-2026-18","status":"publish","type":"post","link":"https:\/\/berliner-predigten.de\/blog\/2026\/05\/03\/themen-der-woche-2026-18\/","title":{"rendered":"Themen der Woche 2026\/18"},"content":{"rendered":"<p>Die Themen f\u00fcr die Woche 2026\/18 im <a href=\"https:\/\/gemeindezentrum.berlin\/\" target=\"_blank\" rel=\"noopener noreferrer\">Gemeinde-Zentrum<\/a> \u2013 komm vorbei oder h\u00f6re <a href=\"https:\/\/www.facebook.com\/johannes.matutis\" target=\"_blank\" rel=\"noopener\">Pastor Joh. W. Matutis<\/a> im Internet (jeweils 2 Stunden sp\u00e4ter).<\/p>\n<p>Mittwoch, 6. Mai 2026, 16 Uhr:<br \/>\n<strong>\u00dcber die Angst<\/strong><\/p>\n<p>Freitag, 8. Mai 2026, 19 Uhr:<br \/>\n<strong>Der K\u00f6rper<\/strong><\/p>\n<p>Samstag, 9. Mai 2026, 19 Uhr:<br \/>\n<strong>Wir sind Freunde Jesu<\/strong><\/p>\n<p>Sonntag, 10. Mai 2026, 10 Uhr:<br \/>\n<strong>Eine Mutter haben<\/strong><\/p>\n","protected":false},"excerpt":{"rendered":"<p>Die Themen f\u00fcr die Woche 2026\/18 im Gemeinde-Zentrum \u2013 komm vorbei oder h\u00f6re Pastor Joh. W. Matutis im Internet (jeweils 2 Stunden sp\u00e4ter). Mittwoch, 6. Mai 2026, 16 Uhr: \u00dcber die Angst Freitag, 8. Mai 2026, 19 Uhr: Der K\u00f6rper Samstag, 9. Mai 2026, 19 Uhr: Wir sind Freunde Jesu Sonntag, 10. Mai 2026, 10 Uhr: Eine Mutter haben<\/p>\n","protected":false},"author":2,"featured_media":30984,"comment_status":"closed","ping_status":"closed","sticky":false,"template":"","format":"standard","meta":{"footnotes":""},"categories":[3],"tags":[],"class_list":["post-30982","post","type-post","status-publish","format-standard","has-post-thumbnail","hentry","category-termine-und-themen","comments-off"],"_links":{"self":[{"href":"https:\/\/berliner-predigten.de\/blog\/wp-json\/wp\/v2\/posts\/30982","targetHints":{"allow":["GET"]}}],"collection":[{"href":"https:\/\/berliner-predigten.de\/blog\/wp-json\/wp\/v2\/posts"}],"about":[{"href":"https:\/\/berliner-predigten.de\/blog\/wp-json\/wp\/v2\/types\/post"}],"author":[{"embeddable":true,"href":"https:\/\/berliner-predigten.de\/blog\/wp-json\/wp\/v2\/users\/2"}],"replies":[{"embeddable":true,"href":"https:\/\/berliner-predigten.de\/blog\/wp-json\/wp\/v2\/comments?post=30982"}],"version-history":[{"count":1,"href":"https:\/\/berliner-predigten.de\/blog\/wp-json\/wp\/v2\/posts\/30982\/revisions"}],"predecessor-version":[{"id":30983,"href":"https:\/\/berliner-predigten.de\/blog\/wp-json\/wp\/v2\/posts\/30982\/revisions\/30983"}],"wp:featuredmedia":[{"embeddable":true,"href":"https:\/\/berliner-predigten.de\/blog\/wp-json\/wp\/v2\/media\/30984"}],"wp:attachment":[{"href":"https:\/\/berliner-predigten.de\/blog\/wp-json\/wp\/v2\/media?parent=30982"}],"wp:term":[{"taxonomy":"category","embeddable":true,"href":"https:\/\/berliner-predigten.de\/blog\/wp-json\/wp\/v2\/categories?post=30982"},{"taxonomy":"post_tag","embeddable":true,"href":"https:\/\/berliner-predigten.de\/blog\/wp-json\/wp\/v2\/tags?post=30982"}],"curies":[{"name":"wp","href":"https:\/\/api.w.org\/{rel}","templated":true}]}}