{"id":30916,"date":"2026-04-26T13:27:40","date_gmt":"2026-04-26T11:27:40","guid":{"rendered":"https:\/\/berliner-predigten.de\/blog\/?p=30916"},"modified":"2026-04-26T13:27:40","modified_gmt":"2026-04-26T11:27:40","slug":"themen-der-woche-2026-17","status":"publish","type":"post","link":"https:\/\/berliner-predigten.de\/blog\/2026\/04\/26\/themen-der-woche-2026-17\/","title":{"rendered":"Themen der Woche 2026\/17"},"content":{"rendered":"<p>Die Themen f\u00fcr die Woche 2026\/17 im <a href=\"https:\/\/gemeindezentrum.berlin\/\" target=\"_blank\" rel=\"noopener noreferrer\">Gemeinde-Zentrum<\/a> \u2013 komm vorbei oder h\u00f6re <a href=\"https:\/\/www.facebook.com\/johannes.matutis\" target=\"_blank\" rel=\"noopener\">Pastor Joh. W. Matutis<\/a> im Internet (jeweils 2 Stunden sp\u00e4ter).<\/p>\n<p>Mittwoch, 29. April 2026, 16 Uhr:<br \/>\n<strong>Ohne Glauben zu springen, ist t\u00f6dlich<\/strong><\/p>\n<p>Freitag, 1. Mai 2026, 19 Uhr:<br \/>\n<strong>Jesus kommt mit seinen Engeln<\/strong><\/p>\n<p>Samstag, 2. Mai 2026, 19 Uhr:<br \/>\n<strong>Was Gott dir sagen m\u00f6chte?<\/strong><\/p>\n<p>Sonntag, 3. Mai 2026, 10 Uhr:<br \/>\n<strong>Der Segen ist das St\u00e4rkste<\/strong><\/p>\n","protected":false},"excerpt":{"rendered":"<p>Die Themen f\u00fcr die Woche 2026\/17 im Gemeinde-Zentrum \u2013 komm vorbei oder h\u00f6re Pastor Joh. W. Matutis im Internet (jeweils 2 Stunden sp\u00e4ter). Mittwoch, 29. April 2026, 16 Uhr: Ohne Glauben zu springen, ist t\u00f6dlich Freitag, 1. Mai 2026, 19 Uhr: Jesus kommt mit seinen Engeln Samstag, 2. Mai 2026, 19 Uhr: Was Gott dir sagen m\u00f6chte? Sonntag, 3. Mai 2026, 10 Uhr: Der Segen ist das St\u00e4rkste<\/p>\n","protected":false},"author":2,"featured_media":30917,"comment_status":"closed","ping_status":"closed","sticky":false,"template":"","format":"standard","meta":{"footnotes":""},"categories":[3],"tags":[],"class_list":["post-30916","post","type-post","status-publish","format-standard","has-post-thumbnail","hentry","category-termine-und-themen","comments-off"],"_links":{"self":[{"href":"https:\/\/berliner-predigten.de\/blog\/wp-json\/wp\/v2\/posts\/30916","targetHints":{"allow":["GET"]}}],"collection":[{"href":"https:\/\/berliner-predigten.de\/blog\/wp-json\/wp\/v2\/posts"}],"about":[{"href":"https:\/\/berliner-predigten.de\/blog\/wp-json\/wp\/v2\/types\/post"}],"author":[{"embeddable":true,"href":"https:\/\/berliner-predigten.de\/blog\/wp-json\/wp\/v2\/users\/2"}],"replies":[{"embeddable":true,"href":"https:\/\/berliner-predigten.de\/blog\/wp-json\/wp\/v2\/comments?post=30916"}],"version-history":[{"count":1,"href":"https:\/\/berliner-predigten.de\/blog\/wp-json\/wp\/v2\/posts\/30916\/revisions"}],"predecessor-version":[{"id":30918,"href":"https:\/\/berliner-predigten.de\/blog\/wp-json\/wp\/v2\/posts\/30916\/revisions\/30918"}],"wp:featuredmedia":[{"embeddable":true,"href":"https:\/\/berliner-predigten.de\/blog\/wp-json\/wp\/v2\/media\/30917"}],"wp:attachment":[{"href":"https:\/\/berliner-predigten.de\/blog\/wp-json\/wp\/v2\/media?parent=30916"}],"wp:term":[{"taxonomy":"category","embeddable":true,"href":"https:\/\/berliner-predigten.de\/blog\/wp-json\/wp\/v2\/categories?post=30916"},{"taxonomy":"post_tag","embeddable":true,"href":"https:\/\/berliner-predigten.de\/blog\/wp-json\/wp\/v2\/tags?post=30916"}],"curies":[{"name":"wp","href":"https:\/\/api.w.org\/{rel}","templated":true}]}}