{"id":30525,"date":"2026-03-15T12:54:21","date_gmt":"2026-03-15T11:54:21","guid":{"rendered":"https:\/\/berliner-predigten.de\/blog\/?p=30525"},"modified":"2026-03-15T15:41:23","modified_gmt":"2026-03-15T14:41:23","slug":"gott-kuemmert-sich-um-dich-2","status":"publish","type":"post","link":"https:\/\/berliner-predigten.de\/blog\/2026\/03\/15\/gott-kuemmert-sich-um-dich-2\/","title":{"rendered":"Gott k\u00fcmmert sich um dich"},"content":{"rendered":"<p>Gott hat das Sorgerecht f\u00fcr mich und mein ganzes Haus. Wir sind von Gott erw\u00e4hlt, bevor \u00fcberhaupt etwas anderes existierte. Alles wird dir zum Besten dienen.<\/p>\n<audio class=\"wp-audio-shortcode\" id=\"audio-30525-1\" preload=\"none\" style=\"width: 100%;\" controls=\"controls\"><source type=\"audio\/mpeg\" src=\"https:\/\/berliner-predigten.de\/dateien\/2026-03-15-Gott-kuemmert-sich-um-dich.mp3?_=1\" \/><a href=\"https:\/\/berliner-predigten.de\/dateien\/2026-03-15-Gott-kuemmert-sich-um-dich.mp3\">https:\/\/berliner-predigten.de\/dateien\/2026-03-15-Gott-kuemmert-sich-um-dich.mp3<\/a><\/audio>\n<p><!--more--><\/p>\n<div style=\"width: 640px;\" class=\"wp-video\"><video class=\"wp-video-shortcode\" id=\"video-30525-1\" width=\"640\" height=\"360\" preload=\"metadata\" controls=\"controls\"><source type=\"video\/mp4\" src=\"https:\/\/video-predigten.de\/2026\/260315-Gott-kuemmert-sich-um-dich.mp4?_=1\" \/><a href=\"https:\/\/video-predigten.de\/2026\/260315-Gott-kuemmert-sich-um-dich.mp4\">https:\/\/video-predigten.de\/2026\/260315-Gott-kuemmert-sich-um-dich.mp4<\/a><\/video><\/div>\n<p><strong>Stichworte:<\/strong> unser liebender Vater &#8211; <a href=\"https:\/\/www.schlachterbibel.de\/de\/bibel\/hebraeer\/13\/5-6?hl=1#hl\" target=\"_blank\" rel=\"noopener\">niemals aufgegeben und niemals verlassen<\/a> &#8211; <a href=\"https:\/\/berliner-predigten.de\/blog\/2026\/03\/14\/gott-hat-die-fuelle\/\" target=\"_blank\" rel=\"noopener\">Gott hat die F\u00fclle<\/a> &#8211; Gottes Schutz in der gr\u00f6\u00dften Krise aller Zeiten &#8211; habe ein einnehmendes Wesen &#8211; die Wichtigkeit der Gemeinde<\/p>\n<p>Sing mit: <a href=\"https:\/\/berliner-predigten.de\/blog\/2020\/01\/27\/wer-unter-dem-schutz-des-hoechsten-wohnt\/\" target=\"_blank\" rel=\"noopener\">Wer unter dem Schutz des H\u00f6chsten wohnt<\/a><\/p>\n<p>Wer uns unterst\u00fctzen m\u00f6chte, kann dies hier tun: <a href=\"https:\/\/berliner-predigten.de\/blog\/spenden\/\" target=\"_blank\" rel=\"noopener noreferrer\">\u2665 Spenden \u2665<\/a><\/p>\n<p><strong><em>Predigt herunterladen:<\/em><\/strong><br \/>\n<em>Audio <a href=\"https:\/\/berliner-predigten.de\/dateien\/2026-03-15-Gott-kuemmert-sich-um-dich.mp3\" target=\"_blank\" rel=\"noopener noreferrer\">2026-03-15 Gott k\u00fcmmert sich um dich<\/a><\/em><br \/>\n<em>Video <a href=\"https:\/\/video-predigten.de\/2026\/260315-Gott-kuemmert-sich-um-dich.mp4\" target=\"_blank\" rel=\"noopener\">Gott k\u00fcmmert sich um dich<\/a><\/em><\/p>\n<p><a href=\"https:\/\/berliner-predigten.de\/blog\/wp-content\/uploads\/2026\/03\/260315-gott-hat-das-sorgerecht-fuer-mich.webp\" target=\"_blank\" rel=\"noopener\"><img loading=\"lazy\" decoding=\"async\" class=\"alignnone wp-image-30539 size-medium\" src=\"https:\/\/berliner-predigten.de\/blog\/wp-content\/uploads\/2026\/03\/260315-gott-hat-das-sorgerecht-fuer-mich-300x300.webp\" alt=\"Gott hat das Sorgerecht f\u00fcr mich und mein ganzes Haus\" width=\"300\" height=\"300\" srcset=\"https:\/\/berliner-predigten.de\/blog\/wp-content\/uploads\/2026\/03\/260315-gott-hat-das-sorgerecht-fuer-mich-300x300.webp 300w, https:\/\/berliner-predigten.de\/blog\/wp-content\/uploads\/2026\/03\/260315-gott-hat-das-sorgerecht-fuer-mich-150x150.webp 150w, https:\/\/berliner-predigten.de\/blog\/wp-content\/uploads\/2026\/03\/260315-gott-hat-das-sorgerecht-fuer-mich-768x768.webp 768w, https:\/\/berliner-predigten.de\/blog\/wp-content\/uploads\/2026\/03\/260315-gott-hat-das-sorgerecht-fuer-mich.webp 939w\" sizes=\"auto, (max-width: 300px) 100vw, 300px\" \/><\/a><\/p>\n","protected":false},"excerpt":{"rendered":"<p>Gott hat das Sorgerecht f\u00fcr mich und mein ganzes Haus. Wir sind von Gott erw\u00e4hlt, bevor \u00fcberhaupt etwas anderes existierte. Alles wird dir zum Besten dienen.<\/p>\n","protected":false},"author":2,"featured_media":30528,"comment_status":"closed","ping_status":"closed","sticky":false,"template":"","format":"standard","meta":{"footnotes":""},"categories":[12,2,1434],"tags":[1749,828,2883,1750],"class_list":["post-30525","post","type-post","status-publish","format-standard","has-post-thumbnail","hentry","category-j-w-matutis","category-predigt","category-video","tag-gott-kuemmert-sich","tag-gottes-fuersorge","tag-sorgerecht","tag-um-dich","comments-off"],"_links":{"self":[{"href":"https:\/\/berliner-predigten.de\/blog\/wp-json\/wp\/v2\/posts\/30525","targetHints":{"allow":["GET"]}}],"collection":[{"href":"https:\/\/berliner-predigten.de\/blog\/wp-json\/wp\/v2\/posts"}],"about":[{"href":"https:\/\/berliner-predigten.de\/blog\/wp-json\/wp\/v2\/types\/post"}],"author":[{"embeddable":true,"href":"https:\/\/berliner-predigten.de\/blog\/wp-json\/wp\/v2\/users\/2"}],"replies":[{"embeddable":true,"href":"https:\/\/berliner-predigten.de\/blog\/wp-json\/wp\/v2\/comments?post=30525"}],"version-history":[{"count":15,"href":"https:\/\/berliner-predigten.de\/blog\/wp-json\/wp\/v2\/posts\/30525\/revisions"}],"predecessor-version":[{"id":30543,"href":"https:\/\/berliner-predigten.de\/blog\/wp-json\/wp\/v2\/posts\/30525\/revisions\/30543"}],"wp:featuredmedia":[{"embeddable":true,"href":"https:\/\/berliner-predigten.de\/blog\/wp-json\/wp\/v2\/media\/30528"}],"wp:attachment":[{"href":"https:\/\/berliner-predigten.de\/blog\/wp-json\/wp\/v2\/media?parent=30525"}],"wp:term":[{"taxonomy":"category","embeddable":true,"href":"https:\/\/berliner-predigten.de\/blog\/wp-json\/wp\/v2\/categories?post=30525"},{"taxonomy":"post_tag","embeddable":true,"href":"https:\/\/berliner-predigten.de\/blog\/wp-json\/wp\/v2\/tags?post=30525"}],"curies":[{"name":"wp","href":"https:\/\/api.w.org\/{rel}","templated":true}]}}