{"id":30117,"date":"2026-02-01T13:09:18","date_gmt":"2026-02-01T12:09:18","guid":{"rendered":"https:\/\/berliner-predigten.de\/blog\/?p=30117"},"modified":"2026-02-08T12:19:28","modified_gmt":"2026-02-08T11:19:28","slug":"themen-der-woche-2026-05","status":"publish","type":"post","link":"https:\/\/berliner-predigten.de\/blog\/2026\/02\/01\/themen-der-woche-2026-05\/","title":{"rendered":"Themen der Woche 2026\/05"},"content":{"rendered":"<p>Die Themen f\u00fcr die Woche 2026\/05 im <a href=\"https:\/\/gemeindezentrum.berlin\/\" target=\"_blank\" rel=\"noopener noreferrer\">Gemeinde-Zentrum<\/a> \u2013 komm vorbei oder h\u00f6re <a href=\"https:\/\/www.facebook.com\/johannes.matutis\" target=\"_blank\" rel=\"noopener\">Pastor Joh. W. Matutis<\/a> im Internet (jeweils 2 Stunden sp\u00e4ter).<\/p>\n<p>Mittwoch, 4. Februar 2026, 16 Uhr:<br \/>\n<a href=\"https:\/\/berliner-predigten.de\/blog\/2026\/02\/04\/das-licht-ueberwindet-jede-dunkelheit\/\"><strong>Das Licht \u00fcberwindet jede Dunkelheit<\/strong><\/a><\/p>\n<p>Freitag, 6. Februar 2026, 19 Uhr:<br \/>\n<a href=\"https:\/\/berliner-predigten.de\/blog\/2026\/02\/06\/der-wahre-zweck-der-wildernis\/\"><strong>Der wahre Zweck der Wildernis<\/strong><\/a><\/p>\n<p>Samstag, 7. Februar 2026, 19 Uhr:<br \/>\n<a href=\"https:\/\/berliner-predigten.de\/blog\/2026\/02\/07\/bitteres-wasser\/\"><strong>Bitteres Wasser<\/strong><\/a><\/p>\n<p>Sonntag, 8. Februar 2026, 10 Uhr:<br \/>\n<a href=\"https:\/\/berliner-predigten.de\/blog\/2026\/02\/08\/die-kraft-des-lobens\/\"><strong>Die Kraft des Lobens<\/strong><\/a><\/p>\n","protected":false},"excerpt":{"rendered":"<p>Die Themen f\u00fcr die Woche 2026\/05 im Gemeinde-Zentrum \u2013 komm vorbei oder h\u00f6re Pastor Joh. W. Matutis im Internet (jeweils 2 Stunden sp\u00e4ter). Mittwoch, 4. Februar 2026, 16 Uhr: Das Licht \u00fcberwindet jede Dunkelheit Freitag, 6. Februar 2026, 19 Uhr: Der wahre Zweck der Wildernis Samstag, 7. Februar 2026, 19 Uhr: Bitteres Wasser Sonntag, 8. Februar 2026, 10 Uhr: Die Kraft des Lobens<\/p>\n","protected":false},"author":2,"featured_media":30118,"comment_status":"closed","ping_status":"closed","sticky":false,"template":"","format":"standard","meta":{"footnotes":""},"categories":[3],"tags":[],"class_list":["post-30117","post","type-post","status-publish","format-standard","has-post-thumbnail","hentry","category-termine-und-themen","comments-off"],"_links":{"self":[{"href":"https:\/\/berliner-predigten.de\/blog\/wp-json\/wp\/v2\/posts\/30117","targetHints":{"allow":["GET"]}}],"collection":[{"href":"https:\/\/berliner-predigten.de\/blog\/wp-json\/wp\/v2\/posts"}],"about":[{"href":"https:\/\/berliner-predigten.de\/blog\/wp-json\/wp\/v2\/types\/post"}],"author":[{"embeddable":true,"href":"https:\/\/berliner-predigten.de\/blog\/wp-json\/wp\/v2\/users\/2"}],"replies":[{"embeddable":true,"href":"https:\/\/berliner-predigten.de\/blog\/wp-json\/wp\/v2\/comments?post=30117"}],"version-history":[{"count":5,"href":"https:\/\/berliner-predigten.de\/blog\/wp-json\/wp\/v2\/posts\/30117\/revisions"}],"predecessor-version":[{"id":30204,"href":"https:\/\/berliner-predigten.de\/blog\/wp-json\/wp\/v2\/posts\/30117\/revisions\/30204"}],"wp:featuredmedia":[{"embeddable":true,"href":"https:\/\/berliner-predigten.de\/blog\/wp-json\/wp\/v2\/media\/30118"}],"wp:attachment":[{"href":"https:\/\/berliner-predigten.de\/blog\/wp-json\/wp\/v2\/media?parent=30117"}],"wp:term":[{"taxonomy":"category","embeddable":true,"href":"https:\/\/berliner-predigten.de\/blog\/wp-json\/wp\/v2\/categories?post=30117"},{"taxonomy":"post_tag","embeddable":true,"href":"https:\/\/berliner-predigten.de\/blog\/wp-json\/wp\/v2\/tags?post=30117"}],"curies":[{"name":"wp","href":"https:\/\/api.w.org\/{rel}","templated":true}]}}