{"id":30088,"date":"2026-01-30T19:47:44","date_gmt":"2026-01-30T18:47:44","guid":{"rendered":"https:\/\/berliner-predigten.de\/blog\/?p=30088"},"modified":"2026-01-31T01:27:44","modified_gmt":"2026-01-31T00:27:44","slug":"zeig-mir-den-weg","status":"publish","type":"post","link":"https:\/\/berliner-predigten.de\/blog\/2026\/01\/30\/zeig-mir-den-weg\/","title":{"rendered":"Zeig mir den Weg"},"content":{"rendered":"<p>Es ist schlimm, wenn man den Weg verliert. Finde deinen pers\u00f6nlichen Weg! Was sagt deine innere Stimme?<\/p>\n<audio class=\"wp-audio-shortcode\" id=\"audio-30088-1\" preload=\"none\" style=\"width: 100%;\" controls=\"controls\"><source type=\"audio\/mpeg\" src=\"https:\/\/berliner-predigten.de\/dateien\/2026-01-30-Zeig-mir-den-Weg.mp3?_=1\" \/><a href=\"https:\/\/berliner-predigten.de\/dateien\/2026-01-30-Zeig-mir-den-Weg.mp3\">https:\/\/berliner-predigten.de\/dateien\/2026-01-30-Zeig-mir-den-Weg.mp3<\/a><\/audio>\n<p><!--more--><\/p>\n<div style=\"width: 640px;\" class=\"wp-video\"><video class=\"wp-video-shortcode\" id=\"video-30088-1\" width=\"640\" height=\"360\" preload=\"metadata\" controls=\"controls\"><source type=\"video\/mp4\" src=\"https:\/\/video-predigten.de\/2026\/260130-Zeig-mir-den-Weg.mp4?_=1\" \/><a href=\"https:\/\/video-predigten.de\/2026\/260130-Zeig-mir-den-Weg.mp4\">https:\/\/video-predigten.de\/2026\/260130-Zeig-mir-den-Weg.mp4<\/a><\/video><\/div>\n<p><strong>Stichworte:<\/strong> an Jesus kommt niemand vorbei &#8211; wie man lernt, auf Gott zu h\u00f6ren &#8211; das Selbstgespr\u00e4ch &#8211; was w\u00fcrde Jesus tun? &#8211; das Loslassen und der neue Weg &#8211; Gott dienen mit dem, was dir gegeben ist &#8211; was w\u00fcrde passieren, wenn &#8230;<\/p>\n<p>Wer uns unterst\u00fctzen m\u00f6chte, kann dies hier tun: <a href=\"https:\/\/berliner-predigten.de\/blog\/spenden\/\" target=\"_blank\" rel=\"noopener noreferrer\">\u2665 Spenden \u2665<\/a><\/p>\n<p><strong><em>Predigt herunterladen:<\/em><\/strong><br \/>\n<em>Audio <a href=\"https:\/\/berliner-predigten.de\/dateien\/2026-01-30-Zeig-mir-den-Weg.mp3\" target=\"_blank\" rel=\"noopener noreferrer\">2026-01-30 Zeig mir den Weg<\/a><\/em><br \/>\n<em>Video <a href=\"https:\/\/video-predigten.de\/2026\/260130-Zeig-mir-den-Weg.mp4\" target=\"_blank\" rel=\"noopener\">Zeig mir den Weg<\/a><\/em><\/p>\n<p><a href=\"https:\/\/berliner-predigten.de\/blog\/wp-content\/uploads\/2026\/01\/260130-es-ist-schlimm-wenn-man.webp\" target=\"_blank\" rel=\"noopener\"><img loading=\"lazy\" decoding=\"async\" class=\"alignnone wp-image-30096 size-medium\" src=\"https:\/\/berliner-predigten.de\/blog\/wp-content\/uploads\/2026\/01\/260130-es-ist-schlimm-wenn-man-300x300.webp\" alt=\"Es ist schlimm, wenn man den Weg verliert\" width=\"300\" height=\"300\" srcset=\"https:\/\/berliner-predigten.de\/blog\/wp-content\/uploads\/2026\/01\/260130-es-ist-schlimm-wenn-man-300x300.webp 300w, https:\/\/berliner-predigten.de\/blog\/wp-content\/uploads\/2026\/01\/260130-es-ist-schlimm-wenn-man-150x150.webp 150w, https:\/\/berliner-predigten.de\/blog\/wp-content\/uploads\/2026\/01\/260130-es-ist-schlimm-wenn-man-768x768.webp 768w, https:\/\/berliner-predigten.de\/blog\/wp-content\/uploads\/2026\/01\/260130-es-ist-schlimm-wenn-man.webp 949w\" sizes=\"auto, (max-width: 300px) 100vw, 300px\" \/><\/a><\/p>\n","protected":false},"excerpt":{"rendered":"<p>Es ist schlimm, wenn man den Weg verliert. Finde deinen pers\u00f6nlichen Weg! Was sagt deine innere Stimme?<\/p>\n","protected":false},"author":2,"featured_media":30089,"comment_status":"closed","ping_status":"closed","sticky":false,"template":"","format":"standard","meta":{"footnotes":""},"categories":[12,2,1434],"tags":[818,2854,2157,91,1937,2853,2852,888],"class_list":["post-30088","post","type-post","status-publish","format-standard","has-post-thumbnail","hentry","category-j-w-matutis","category-predigt","category-video","tag-dein-weg","tag-der-neue-weg","tag-gottes-gabe","tag-gottes-weg","tag-innere-stimme","tag-jesus-ist-der-weg","tag-mein-weg","tag-selbstgespraech","comments-off"],"_links":{"self":[{"href":"https:\/\/berliner-predigten.de\/blog\/wp-json\/wp\/v2\/posts\/30088","targetHints":{"allow":["GET"]}}],"collection":[{"href":"https:\/\/berliner-predigten.de\/blog\/wp-json\/wp\/v2\/posts"}],"about":[{"href":"https:\/\/berliner-predigten.de\/blog\/wp-json\/wp\/v2\/types\/post"}],"author":[{"embeddable":true,"href":"https:\/\/berliner-predigten.de\/blog\/wp-json\/wp\/v2\/users\/2"}],"replies":[{"embeddable":true,"href":"https:\/\/berliner-predigten.de\/blog\/wp-json\/wp\/v2\/comments?post=30088"}],"version-history":[{"count":11,"href":"https:\/\/berliner-predigten.de\/blog\/wp-json\/wp\/v2\/posts\/30088\/revisions"}],"predecessor-version":[{"id":30092,"href":"https:\/\/berliner-predigten.de\/blog\/wp-json\/wp\/v2\/posts\/30088\/revisions\/30092"}],"wp:featuredmedia":[{"embeddable":true,"href":"https:\/\/berliner-predigten.de\/blog\/wp-json\/wp\/v2\/media\/30089"}],"wp:attachment":[{"href":"https:\/\/berliner-predigten.de\/blog\/wp-json\/wp\/v2\/media?parent=30088"}],"wp:term":[{"taxonomy":"category","embeddable":true,"href":"https:\/\/berliner-predigten.de\/blog\/wp-json\/wp\/v2\/categories?post=30088"},{"taxonomy":"post_tag","embeddable":true,"href":"https:\/\/berliner-predigten.de\/blog\/wp-json\/wp\/v2\/tags?post=30088"}],"curies":[{"name":"wp","href":"https:\/\/api.w.org\/{rel}","templated":true}]}}