{"id":29229,"date":"2025-10-25T19:54:09","date_gmt":"2025-10-25T17:54:09","guid":{"rendered":"https:\/\/berliner-predigten.de\/blog\/?p=29229"},"modified":"2025-10-26T03:50:04","modified_gmt":"2025-10-26T02:50:04","slug":"was-ist-der-mensch-2","status":"publish","type":"post","link":"https:\/\/berliner-predigten.de\/blog\/2025\/10\/25\/was-ist-der-mensch-2\/","title":{"rendered":"Was ist der Mensch?"},"content":{"rendered":"<p>Gott hat uns f\u00fcr den Frieden, f\u00fcr die Freude und f\u00fcr das Leben geschaffen. Gott sorgt f\u00fcr uns, hier und dr\u00fcben.<\/p>\n<audio class=\"wp-audio-shortcode\" id=\"audio-29229-1\" preload=\"none\" style=\"width: 100%;\" controls=\"controls\"><source type=\"audio\/mpeg\" src=\"https:\/\/berliner-predigten.de\/dateien\/2025-10-25-Was-ist-der-Mensch.mp3?_=1\" \/><a href=\"https:\/\/berliner-predigten.de\/dateien\/2025-10-25-Was-ist-der-Mensch.mp3\">https:\/\/berliner-predigten.de\/dateien\/2025-10-25-Was-ist-der-Mensch.mp3<\/a><\/audio>\n<p><!--more--><\/p>\n<div style=\"width: 640px;\" class=\"wp-video\"><video class=\"wp-video-shortcode\" id=\"video-29229-1\" width=\"640\" height=\"360\" preload=\"metadata\" controls=\"controls\"><source type=\"video\/mp4\" src=\"https:\/\/video-predigten.de\/2025\/251025-Was-ist-der-Mensch.mp4?_=1\" \/><a href=\"https:\/\/video-predigten.de\/2025\/251025-Was-ist-der-Mensch.mp4\">https:\/\/video-predigten.de\/2025\/251025-Was-ist-der-Mensch.mp4<\/a><\/video><\/div>\n<p><strong>Stichworte:<\/strong> die biblischen Qualit\u00e4ten des Menschen &#8211; <a href=\"https:\/\/berliner-predigten.de\/blog\/2020\/02\/27\/proklamationen-die-mir-geholfen-haben\/\" target=\"_blank\" rel=\"noopener\">Proklamationen, die mir geholfen haben<\/a> &#8211; Arbeit und Ruhe, Menschen und Mitmenschen &#8211; lebe, lebe, lebe als freier Mensch!<\/p>\n<p>Wer uns unterst\u00fctzen m\u00f6chte, kann dies hier tun: <a href=\"https:\/\/berliner-predigten.de\/blog\/spenden\/\" target=\"_blank\" rel=\"noopener noreferrer\">\u2665 Spenden \u2665<\/a><\/p>\n<p><strong><em>Predigt herunterladen:<\/em><\/strong><br \/>\n<em>Audio <a href=\"https:\/\/berliner-predigten.de\/dateien\/2025-10-25-Was-ist-der-Mensch.mp3\" target=\"_blank\" rel=\"noopener noreferrer\">2025-10-25 Was ist der Mensch?<\/a><\/em><br \/>\n<em>Video <a href=\"https:\/\/video-predigten.de\/2025\/251025-Was-ist-der-Mensch.mp4\" target=\"_blank\" rel=\"noopener\">Was ist der Mensch?<\/a><\/em><\/p>\n<p><a href=\"https:\/\/berliner-predigten.de\/blog\/wp-content\/uploads\/2025\/10\/251025-gott-hat-uns.webp\" target=\"_blank\" rel=\"noopener\"><img loading=\"lazy\" decoding=\"async\" class=\"alignnone wp-image-29237 size-medium\" src=\"https:\/\/berliner-predigten.de\/blog\/wp-content\/uploads\/2025\/10\/251025-gott-hat-uns-300x300.webp\" alt=\"Gott hat uns f\u00fcr den Frieden, f\u00fcr die Freude und f\u00fcr das Leben geschaffen\" width=\"300\" height=\"300\" srcset=\"https:\/\/berliner-predigten.de\/blog\/wp-content\/uploads\/2025\/10\/251025-gott-hat-uns-300x300.webp 300w, https:\/\/berliner-predigten.de\/blog\/wp-content\/uploads\/2025\/10\/251025-gott-hat-uns-150x150.webp 150w, https:\/\/berliner-predigten.de\/blog\/wp-content\/uploads\/2025\/10\/251025-gott-hat-uns-768x768.webp 768w, https:\/\/berliner-predigten.de\/blog\/wp-content\/uploads\/2025\/10\/251025-gott-hat-uns.webp 949w\" sizes=\"auto, (max-width: 300px) 100vw, 300px\" \/><\/a><\/p>\n","protected":false},"excerpt":{"rendered":"<p>Gott hat uns f\u00fcr den Frieden, f\u00fcr die Freude und f\u00fcr das Leben geschaffen. Gott sorgt f\u00fcr uns, hier und dr\u00fcben.<\/p>\n","protected":false},"author":2,"featured_media":29230,"comment_status":"closed","ping_status":"closed","sticky":false,"template":"","format":"standard","meta":{"footnotes":""},"categories":[12,2,1434],"tags":[589,2776,195,22],"class_list":["post-29229","post","type-post","status-publish","format-standard","has-post-thumbnail","hentry","category-j-w-matutis","category-predigt","category-video","tag-buch-des-lebens","tag-der-mensch","tag-mensch","tag-was-ist","comments-off"],"_links":{"self":[{"href":"https:\/\/berliner-predigten.de\/blog\/wp-json\/wp\/v2\/posts\/29229","targetHints":{"allow":["GET"]}}],"collection":[{"href":"https:\/\/berliner-predigten.de\/blog\/wp-json\/wp\/v2\/posts"}],"about":[{"href":"https:\/\/berliner-predigten.de\/blog\/wp-json\/wp\/v2\/types\/post"}],"author":[{"embeddable":true,"href":"https:\/\/berliner-predigten.de\/blog\/wp-json\/wp\/v2\/users\/2"}],"replies":[{"embeddable":true,"href":"https:\/\/berliner-predigten.de\/blog\/wp-json\/wp\/v2\/comments?post=29229"}],"version-history":[{"count":10,"href":"https:\/\/berliner-predigten.de\/blog\/wp-json\/wp\/v2\/posts\/29229\/revisions"}],"predecessor-version":[{"id":29247,"href":"https:\/\/berliner-predigten.de\/blog\/wp-json\/wp\/v2\/posts\/29229\/revisions\/29247"}],"wp:featuredmedia":[{"embeddable":true,"href":"https:\/\/berliner-predigten.de\/blog\/wp-json\/wp\/v2\/media\/29230"}],"wp:attachment":[{"href":"https:\/\/berliner-predigten.de\/blog\/wp-json\/wp\/v2\/media?parent=29229"}],"wp:term":[{"taxonomy":"category","embeddable":true,"href":"https:\/\/berliner-predigten.de\/blog\/wp-json\/wp\/v2\/categories?post=29229"},{"taxonomy":"post_tag","embeddable":true,"href":"https:\/\/berliner-predigten.de\/blog\/wp-json\/wp\/v2\/tags?post=29229"}],"curies":[{"name":"wp","href":"https:\/\/api.w.org\/{rel}","templated":true}]}}