{"id":28425,"date":"2025-07-27T12:54:09","date_gmt":"2025-07-27T10:54:09","guid":{"rendered":"https:\/\/berliner-predigten.de\/blog\/?p=28425"},"modified":"2025-07-27T15:05:03","modified_gmt":"2025-07-27T13:05:03","slug":"radikal-anders-sein","status":"publish","type":"post","link":"https:\/\/berliner-predigten.de\/blog\/2025\/07\/27\/radikal-anders-sein\/","title":{"rendered":"Radikal anders sein"},"content":{"rendered":"<p>Menschen haben es verlernt, Drangsal zu haben. Unsere Schmerzstellen m\u00fcssen behandelt werden.<\/p>\n<audio class=\"wp-audio-shortcode\" id=\"audio-28425-1\" preload=\"none\" style=\"width: 100%;\" controls=\"controls\"><source type=\"audio\/mpeg\" src=\"https:\/\/berliner-predigten.de\/dateien\/2025-07-27-Radikal-anders-sein.mp3?_=1\" \/><a href=\"https:\/\/berliner-predigten.de\/dateien\/2025-07-27-Radikal-anders-sein.mp3\">https:\/\/berliner-predigten.de\/dateien\/2025-07-27-Radikal-anders-sein.mp3<\/a><\/audio>\n<p><!--more--><\/p>\n<div style=\"width: 640px;\" class=\"wp-video\"><video class=\"wp-video-shortcode\" id=\"video-28425-1\" width=\"640\" height=\"360\" preload=\"metadata\" controls=\"controls\"><source type=\"video\/mp4\" src=\"https:\/\/video-predigten.de\/2025\/250727-Radikal-anders-sein.mp4?_=1\" \/><a href=\"https:\/\/video-predigten.de\/2025\/250727-Radikal-anders-sein.mp4\">https:\/\/video-predigten.de\/2025\/250727-Radikal-anders-sein.mp4<\/a><\/video><\/div>\n<p><strong>Stichworte:<\/strong> wir m\u00fcssen gepr\u00fcft werden &#8211; mit Geist und Feuer getauft werden &#8211; Lebenserfahrungen und praktische Tipps f\u00fcr das Glaubensleben<\/p>\n<p>Wer uns unterst\u00fctzen m\u00f6chte, kann dies hier tun: <a href=\"https:\/\/berliner-predigten.de\/blog\/spenden\/\" target=\"_blank\" rel=\"noopener noreferrer\">\u2665 Spenden \u2665<\/a><\/p>\n<p><strong><em>Predigt herunterladen:<\/em><\/strong><br \/>\n<em>Audio <a href=\"https:\/\/berliner-predigten.de\/dateien\/2025-07-27-Radikal-anders-sein.mp3\" target=\"_blank\" rel=\"noopener noreferrer\">2025-07-27 Radikal anders sein<\/a><\/em><br \/>\n<em>Video <a href=\"https:\/\/video-predigten.de\/2025\/250727-Radikal-anders-sein.mp4\" target=\"_blank\" rel=\"noopener\">Radikal anders sein<\/a><\/em><\/p>\n<p><a href=\"https:\/\/berliner-predigten.de\/blog\/wp-content\/uploads\/2025\/07\/250727-menschen-haben-es-verlernt-1.webp\" target=\"_blank\" rel=\"noopener\"><img loading=\"lazy\" decoding=\"async\" class=\"alignnone wp-image-28433 size-medium\" src=\"https:\/\/berliner-predigten.de\/blog\/wp-content\/uploads\/2025\/07\/250727-menschen-haben-es-verlernt-1-300x300.webp\" alt=\"Menschen haben es verlernt, Drangsal zu haben\" width=\"300\" height=\"300\" srcset=\"https:\/\/berliner-predigten.de\/blog\/wp-content\/uploads\/2025\/07\/250727-menschen-haben-es-verlernt-1-300x300.webp 300w, https:\/\/berliner-predigten.de\/blog\/wp-content\/uploads\/2025\/07\/250727-menschen-haben-es-verlernt-1-150x150.webp 150w, https:\/\/berliner-predigten.de\/blog\/wp-content\/uploads\/2025\/07\/250727-menschen-haben-es-verlernt-1-768x768.webp 768w, https:\/\/berliner-predigten.de\/blog\/wp-content\/uploads\/2025\/07\/250727-menschen-haben-es-verlernt-1.webp 949w\" sizes=\"auto, (max-width: 300px) 100vw, 300px\" \/><\/a><\/p>\n","protected":false},"excerpt":{"rendered":"<p>Menschen haben es verlernt, Drangsal zu haben. Unsere Schmerzstellen m\u00fcssen behandelt werden.<\/p>\n","protected":false},"author":2,"featured_media":28428,"comment_status":"closed","ping_status":"closed","sticky":false,"template":"","format":"standard","meta":{"footnotes":""},"categories":[12,2,1434],"tags":[321,2732,1492,2700,2733,319,586],"class_list":["post-28425","post","type-post","status-publish","format-standard","has-post-thumbnail","hentry","category-j-w-matutis","category-predigt","category-video","tag-anders","tag-anders-sein","tag-drangsal","tag-radikal","tag-radikal-anders-sein","tag-total-anders-sein","tag-truebsal","comments-off"],"_links":{"self":[{"href":"https:\/\/berliner-predigten.de\/blog\/wp-json\/wp\/v2\/posts\/28425","targetHints":{"allow":["GET"]}}],"collection":[{"href":"https:\/\/berliner-predigten.de\/blog\/wp-json\/wp\/v2\/posts"}],"about":[{"href":"https:\/\/berliner-predigten.de\/blog\/wp-json\/wp\/v2\/types\/post"}],"author":[{"embeddable":true,"href":"https:\/\/berliner-predigten.de\/blog\/wp-json\/wp\/v2\/users\/2"}],"replies":[{"embeddable":true,"href":"https:\/\/berliner-predigten.de\/blog\/wp-json\/wp\/v2\/comments?post=28425"}],"version-history":[{"count":6,"href":"https:\/\/berliner-predigten.de\/blog\/wp-json\/wp\/v2\/posts\/28425\/revisions"}],"predecessor-version":[{"id":28435,"href":"https:\/\/berliner-predigten.de\/blog\/wp-json\/wp\/v2\/posts\/28425\/revisions\/28435"}],"wp:featuredmedia":[{"embeddable":true,"href":"https:\/\/berliner-predigten.de\/blog\/wp-json\/wp\/v2\/media\/28428"}],"wp:attachment":[{"href":"https:\/\/berliner-predigten.de\/blog\/wp-json\/wp\/v2\/media?parent=28425"}],"wp:term":[{"taxonomy":"category","embeddable":true,"href":"https:\/\/berliner-predigten.de\/blog\/wp-json\/wp\/v2\/categories?post=28425"},{"taxonomy":"post_tag","embeddable":true,"href":"https:\/\/berliner-predigten.de\/blog\/wp-json\/wp\/v2\/tags?post=28425"}],"curies":[{"name":"wp","href":"https:\/\/api.w.org\/{rel}","templated":true}]}}