{"id":28389,"date":"2025-07-25T19:06:23","date_gmt":"2025-07-25T17:06:23","guid":{"rendered":"https:\/\/berliner-predigten.de\/blog\/?p=28389"},"modified":"2025-07-26T02:58:23","modified_gmt":"2025-07-26T00:58:23","slug":"unsere-verkuendigung","status":"publish","type":"post","link":"https:\/\/berliner-predigten.de\/blog\/2025\/07\/25\/unsere-verkuendigung\/","title":{"rendered":"Unsere Verk\u00fcndigung"},"content":{"rendered":"<p>Gottes Wort ist wie ein Hammer, der Felsen sprengt. Gott will seine Kinder segnen. Der Mensch lebt nicht allein vom Brot.<\/p>\n<audio class=\"wp-audio-shortcode\" id=\"audio-28389-1\" preload=\"none\" style=\"width: 100%;\" controls=\"controls\"><source type=\"audio\/mpeg\" src=\"https:\/\/berliner-predigten.de\/dateien\/2025-07-25-Unsere-Verkuendigung.mp3?_=1\" \/><a href=\"https:\/\/berliner-predigten.de\/dateien\/2025-07-25-Unsere-Verkuendigung.mp3\">https:\/\/berliner-predigten.de\/dateien\/2025-07-25-Unsere-Verkuendigung.mp3<\/a><\/audio>\n<p><!--more--><\/p>\n<div style=\"width: 640px;\" class=\"wp-video\"><video class=\"wp-video-shortcode\" id=\"video-28389-1\" width=\"640\" height=\"360\" preload=\"metadata\" controls=\"controls\"><source type=\"video\/mp4\" src=\"https:\/\/video-predigten.de\/2025\/250725-Unsere-Verkuendigung.mp4?_=1\" \/><a href=\"https:\/\/video-predigten.de\/2025\/250725-Unsere-Verkuendigung.mp4\">https:\/\/video-predigten.de\/2025\/250725-Unsere-Verkuendigung.mp4<\/a><\/video><\/div>\n<p><strong>Stichworte:<\/strong> f\u00fcr die Ewigkeit leben &#8211; mit Gott \u00fcbereinstimmen und nicht eigenm\u00e4chtig handeln &#8211; warum du Predigten h\u00f6ren solltest &#8211; unseren geistlichen Schl\u00fcssel gebrauchen &#8211; H\u00f6ren und Tun oder Selbstbetrug<\/p>\n<p>Wer uns unterst\u00fctzen m\u00f6chte, kann dies hier tun: <a href=\"https:\/\/berliner-predigten.de\/blog\/spenden\/\" target=\"_blank\" rel=\"noopener noreferrer\">\u2665 Spenden \u2665<\/a><\/p>\n<p><strong><em>Predigt herunterladen:<\/em><\/strong><br \/>\n<em>Audio <a href=\"https:\/\/berliner-predigten.de\/dateien\/2025-07-25-Unsere-Verkuendigung.mp3\" target=\"_blank\" rel=\"noopener noreferrer\">2025-07-25 Unsere Verk\u00fcndigung<\/a><\/em><br \/>\n<em>Video <a href=\"https:\/\/video-predigten.de\/2025\/250725-Unsere-Verkuendigung.mp4\" target=\"_blank\" rel=\"noopener\">Unsere Verk\u00fcndigung<\/a><\/em><\/p>\n<p><a href=\"https:\/\/berliner-predigten.de\/blog\/wp-content\/uploads\/2025\/07\/250725-gottes-wort-ist-wie.webp\" target=\"_blank\" rel=\"noopener\"><img loading=\"lazy\" decoding=\"async\" class=\"alignnone wp-image-28396 size-medium\" src=\"https:\/\/berliner-predigten.de\/blog\/wp-content\/uploads\/2025\/07\/250725-gottes-wort-ist-wie-300x300.webp\" alt=\"Gottes Wort ist wie ein Hammer, der Felsen sprengt\" width=\"300\" height=\"300\" srcset=\"https:\/\/berliner-predigten.de\/blog\/wp-content\/uploads\/2025\/07\/250725-gottes-wort-ist-wie-300x300.webp 300w, https:\/\/berliner-predigten.de\/blog\/wp-content\/uploads\/2025\/07\/250725-gottes-wort-ist-wie-150x150.webp 150w, https:\/\/berliner-predigten.de\/blog\/wp-content\/uploads\/2025\/07\/250725-gottes-wort-ist-wie-768x768.webp 768w, https:\/\/berliner-predigten.de\/blog\/wp-content\/uploads\/2025\/07\/250725-gottes-wort-ist-wie.webp 949w\" sizes=\"auto, (max-width: 300px) 100vw, 300px\" \/><\/a><\/p>\n","protected":false},"excerpt":{"rendered":"<p>Gottes Wort ist wie ein Hammer, der Felsen sprengt. Gott will seine Kinder segnen. Der Mensch lebt nicht allein vom Brot.<\/p>\n","protected":false},"author":2,"featured_media":28390,"comment_status":"closed","ping_status":"closed","sticky":false,"template":"","format":"standard","meta":{"footnotes":""},"categories":[12,2,1434],"tags":[1036,129,274,2730,2729],"class_list":["post-28389","post","type-post","status-publish","format-standard","has-post-thumbnail","hentry","category-j-w-matutis","category-predigt","category-video","tag-evangelium","tag-gottes-wort","tag-kraft","tag-kraft-des-wortes-gottes","tag-verkuendigung","comments-off"],"_links":{"self":[{"href":"https:\/\/berliner-predigten.de\/blog\/wp-json\/wp\/v2\/posts\/28389","targetHints":{"allow":["GET"]}}],"collection":[{"href":"https:\/\/berliner-predigten.de\/blog\/wp-json\/wp\/v2\/posts"}],"about":[{"href":"https:\/\/berliner-predigten.de\/blog\/wp-json\/wp\/v2\/types\/post"}],"author":[{"embeddable":true,"href":"https:\/\/berliner-predigten.de\/blog\/wp-json\/wp\/v2\/users\/2"}],"replies":[{"embeddable":true,"href":"https:\/\/berliner-predigten.de\/blog\/wp-json\/wp\/v2\/comments?post=28389"}],"version-history":[{"count":13,"href":"https:\/\/berliner-predigten.de\/blog\/wp-json\/wp\/v2\/posts\/28389\/revisions"}],"predecessor-version":[{"id":28405,"href":"https:\/\/berliner-predigten.de\/blog\/wp-json\/wp\/v2\/posts\/28389\/revisions\/28405"}],"wp:featuredmedia":[{"embeddable":true,"href":"https:\/\/berliner-predigten.de\/blog\/wp-json\/wp\/v2\/media\/28390"}],"wp:attachment":[{"href":"https:\/\/berliner-predigten.de\/blog\/wp-json\/wp\/v2\/media?parent=28389"}],"wp:term":[{"taxonomy":"category","embeddable":true,"href":"https:\/\/berliner-predigten.de\/blog\/wp-json\/wp\/v2\/categories?post=28389"},{"taxonomy":"post_tag","embeddable":true,"href":"https:\/\/berliner-predigten.de\/blog\/wp-json\/wp\/v2\/tags?post=28389"}],"curies":[{"name":"wp","href":"https:\/\/api.w.org\/{rel}","templated":true}]}}