{"id":28366,"date":"2025-07-20T17:27:23","date_gmt":"2025-07-20T15:27:23","guid":{"rendered":"https:\/\/berliner-predigten.de\/blog\/?p=28366"},"modified":"2025-07-27T12:54:46","modified_gmt":"2025-07-27T10:54:46","slug":"themen-der-woche-2025-30","status":"publish","type":"post","link":"https:\/\/berliner-predigten.de\/blog\/2025\/07\/20\/themen-der-woche-2025-30\/","title":{"rendered":"Themen der Woche 2025\/30"},"content":{"rendered":"<p>Die Themen f\u00fcr die Woche 2025\/30 im <a href=\"https:\/\/gemeindezentrum.berlin\/\" target=\"_blank\" rel=\"noopener noreferrer\">Gemeinde-Zentrum<\/a> \u2013 komm vorbei oder h\u00f6re <a href=\"https:\/\/www.facebook.com\/johannes.matutis\" target=\"_blank\" rel=\"noopener\">Pastor Joh. W. Matutis<\/a> im Internet (jeweils 2 Stunden sp\u00e4ter).<\/p>\n<p>Mittwoch, 23. Juli 2025, 16 Uhr:<br \/>\n<a href=\"https:\/\/berliner-predigten.de\/blog\/2025\/07\/23\/lerne-aus-der-geschichte\/\"><strong>Lerne aus der Geschichte<\/strong><\/a><\/p>\n<p>Freitag, 25. Juli 2025, 19 Uhr:<br \/>\n<a href=\"https:\/\/berliner-predigten.de\/blog\/2025\/07\/25\/unsere-verkuendigung\/\"><strong>Unsere Verk\u00fcndigung<\/strong><\/a><\/p>\n<p>Samstag, 26. Juli 2025, 19 Uhr:<br \/>\n<a href=\"https:\/\/berliner-predigten.de\/blog\/2025\/07\/27\/wir-sind-getroestet\/\"><strong>Wir sind getr\u00f6stet<\/strong><\/a><\/p>\n<p>Sonntag, 27. Juli 2025, 10 Uhr:<br \/>\n<a href=\"https:\/\/berliner-predigten.de\/blog\/2025\/07\/27\/radikal-anders-sein\/\"><strong>Radikal anders sein<\/strong><\/a><\/p>\n","protected":false},"excerpt":{"rendered":"<p>Die Themen f\u00fcr die Woche 2025\/30 im Gemeinde-Zentrum \u2013 komm vorbei oder h\u00f6re Pastor Joh. W. Matutis im Internet (jeweils 2 Stunden sp\u00e4ter). Mittwoch, 23. Juli 2025, 16 Uhr: Lerne aus der Geschichte Freitag, 25. Juli 2025, 19 Uhr: Unsere Verk\u00fcndigung Samstag, 26. Juli 2025, 19 Uhr: Wir sind getr\u00f6stet Sonntag, 27. Juli 2025, 10 Uhr: Radikal anders sein<\/p>\n","protected":false},"author":2,"featured_media":28367,"comment_status":"closed","ping_status":"closed","sticky":false,"template":"","format":"standard","meta":{"footnotes":""},"categories":[3],"tags":[],"class_list":["post-28366","post","type-post","status-publish","format-standard","has-post-thumbnail","hentry","category-termine-und-themen","comments-off"],"_links":{"self":[{"href":"https:\/\/berliner-predigten.de\/blog\/wp-json\/wp\/v2\/posts\/28366","targetHints":{"allow":["GET"]}}],"collection":[{"href":"https:\/\/berliner-predigten.de\/blog\/wp-json\/wp\/v2\/posts"}],"about":[{"href":"https:\/\/berliner-predigten.de\/blog\/wp-json\/wp\/v2\/types\/post"}],"author":[{"embeddable":true,"href":"https:\/\/berliner-predigten.de\/blog\/wp-json\/wp\/v2\/users\/2"}],"replies":[{"embeddable":true,"href":"https:\/\/berliner-predigten.de\/blog\/wp-json\/wp\/v2\/comments?post=28366"}],"version-history":[{"count":5,"href":"https:\/\/berliner-predigten.de\/blog\/wp-json\/wp\/v2\/posts\/28366\/revisions"}],"predecessor-version":[{"id":28427,"href":"https:\/\/berliner-predigten.de\/blog\/wp-json\/wp\/v2\/posts\/28366\/revisions\/28427"}],"wp:featuredmedia":[{"embeddable":true,"href":"https:\/\/berliner-predigten.de\/blog\/wp-json\/wp\/v2\/media\/28367"}],"wp:attachment":[{"href":"https:\/\/berliner-predigten.de\/blog\/wp-json\/wp\/v2\/media?parent=28366"}],"wp:term":[{"taxonomy":"category","embeddable":true,"href":"https:\/\/berliner-predigten.de\/blog\/wp-json\/wp\/v2\/categories?post=28366"},{"taxonomy":"post_tag","embeddable":true,"href":"https:\/\/berliner-predigten.de\/blog\/wp-json\/wp\/v2\/tags?post=28366"}],"curies":[{"name":"wp","href":"https:\/\/api.w.org\/{rel}","templated":true}]}}