{"id":27906,"date":"2025-06-01T12:32:11","date_gmt":"2025-06-01T10:32:11","guid":{"rendered":"https:\/\/berliner-predigten.de\/blog\/?p=27906"},"modified":"2025-06-08T12:40:31","modified_gmt":"2025-06-08T10:40:31","slug":"themen-der-woche-2025-23","status":"publish","type":"post","link":"https:\/\/berliner-predigten.de\/blog\/2025\/06\/01\/themen-der-woche-2025-23\/","title":{"rendered":"Themen der Woche 2025\/23"},"content":{"rendered":"<p>Die Themen f\u00fcr die Woche 2025\/23 im <a href=\"https:\/\/gemeindezentrum.berlin\/\" target=\"_blank\" rel=\"noopener noreferrer\">Gemeinde-Zentrum<\/a> \u2013 komm vorbei oder h\u00f6re <a href=\"https:\/\/www.facebook.com\/johannes.matutis\" target=\"_blank\" rel=\"noopener\">Pastor Joh. W. Matutis<\/a> im Internet (jeweils 2 Stunden sp\u00e4ter).<\/p>\n<p>Mittwoch, 4. Juni 2025, 16 Uhr:<br \/>\n<a href=\"https:\/\/berliner-predigten.de\/blog\/2025\/06\/04\/fenster-des-himmels\/\"><strong>Fenster des Himmels<\/strong><\/a><\/p>\n<p>Freitag, 6. Juni 2025, 19 Uhr:<br \/>\n<a href=\"https:\/\/berliner-predigten.de\/blog\/2025\/06\/06\/gedanken-ueber-jesus\/\"><strong>Gedanken \u00fcber Jesus<\/strong><\/a><\/p>\n<p>Samstag, 7. Juni 2025, 19 Uhr:<br \/>\n<a href=\"https:\/\/berliner-predigten.de\/blog\/2025\/06\/07\/beschraenke-gott-nicht-2\/\"><strong>Beschr\u00e4nke Gott nicht<\/strong><\/a><\/p>\n<p>Sonntag, 8. Juni 2025, 10 Uhr:<br \/>\n<a href=\"https:\/\/berliner-predigten.de\/blog\/2025\/06\/08\/gottes-gegenwart-geniessen\/\"><strong>Gottes Gegenwart genie\u00dfen<\/strong><\/a><\/p>\n","protected":false},"excerpt":{"rendered":"<p>Die Themen f\u00fcr die Woche 2025\/23 im Gemeinde-Zentrum \u2013 komm vorbei oder h\u00f6re Pastor Joh. W. Matutis im Internet (jeweils 2 Stunden sp\u00e4ter). Mittwoch, 4. Juni 2025, 16 Uhr: Fenster des Himmels Freitag, 6. Juni 2025, 19 Uhr: Gedanken \u00fcber Jesus Samstag, 7. Juni 2025, 19 Uhr: Beschr\u00e4nke Gott nicht Sonntag, 8. Juni 2025, 10 Uhr: Gottes Gegenwart genie\u00dfen<\/p>\n","protected":false},"author":2,"featured_media":27907,"comment_status":"closed","ping_status":"closed","sticky":false,"template":"","format":"standard","meta":{"footnotes":""},"categories":[3],"tags":[],"class_list":["post-27906","post","type-post","status-publish","format-standard","has-post-thumbnail","hentry","category-termine-und-themen","comments-off"],"_links":{"self":[{"href":"https:\/\/berliner-predigten.de\/blog\/wp-json\/wp\/v2\/posts\/27906","targetHints":{"allow":["GET"]}}],"collection":[{"href":"https:\/\/berliner-predigten.de\/blog\/wp-json\/wp\/v2\/posts"}],"about":[{"href":"https:\/\/berliner-predigten.de\/blog\/wp-json\/wp\/v2\/types\/post"}],"author":[{"embeddable":true,"href":"https:\/\/berliner-predigten.de\/blog\/wp-json\/wp\/v2\/users\/2"}],"replies":[{"embeddable":true,"href":"https:\/\/berliner-predigten.de\/blog\/wp-json\/wp\/v2\/comments?post=27906"}],"version-history":[{"count":5,"href":"https:\/\/berliner-predigten.de\/blog\/wp-json\/wp\/v2\/posts\/27906\/revisions"}],"predecessor-version":[{"id":27975,"href":"https:\/\/berliner-predigten.de\/blog\/wp-json\/wp\/v2\/posts\/27906\/revisions\/27975"}],"wp:featuredmedia":[{"embeddable":true,"href":"https:\/\/berliner-predigten.de\/blog\/wp-json\/wp\/v2\/media\/27907"}],"wp:attachment":[{"href":"https:\/\/berliner-predigten.de\/blog\/wp-json\/wp\/v2\/media?parent=27906"}],"wp:term":[{"taxonomy":"category","embeddable":true,"href":"https:\/\/berliner-predigten.de\/blog\/wp-json\/wp\/v2\/categories?post=27906"},{"taxonomy":"post_tag","embeddable":true,"href":"https:\/\/berliner-predigten.de\/blog\/wp-json\/wp\/v2\/tags?post=27906"}],"curies":[{"name":"wp","href":"https:\/\/api.w.org\/{rel}","templated":true}]}}