{"id":27578,"date":"2025-04-30T20:07:53","date_gmt":"2025-04-30T18:07:53","guid":{"rendered":"https:\/\/berliner-predigten.de\/blog\/?p=27578"},"modified":"2025-04-30T22:44:47","modified_gmt":"2025-04-30T20:44:47","slug":"sei-konkret","status":"publish","type":"post","link":"https:\/\/berliner-predigten.de\/blog\/2025\/04\/30\/sei-konkret\/","title":{"rendered":"Sei konkret"},"content":{"rendered":"<p>Die Welt ist voller Spr\u00fcchemacher. Wie wird man ein Heiliger?<\/p>\n<audio class=\"wp-audio-shortcode\" id=\"audio-27578-1\" preload=\"none\" style=\"width: 100%;\" controls=\"controls\"><source type=\"audio\/mpeg\" src=\"https:\/\/berliner-predigten.de\/dateien\/2025-04-30-Sei-konkret.mp3?_=1\" \/><a href=\"https:\/\/berliner-predigten.de\/dateien\/2025-04-30-Sei-konkret.mp3\">https:\/\/berliner-predigten.de\/dateien\/2025-04-30-Sei-konkret.mp3<\/a><\/audio>\n<p><!--more--><\/p>\n<div style=\"width: 640px;\" class=\"wp-video\"><video class=\"wp-video-shortcode\" id=\"video-27578-1\" width=\"640\" height=\"360\" preload=\"metadata\" controls=\"controls\"><source type=\"video\/mp4\" src=\"https:\/\/video-predigten.de\/2025\/250430-Sei-konkret.mp4?_=1\" \/><a href=\"https:\/\/video-predigten.de\/2025\/250430-Sei-konkret.mp4\">https:\/\/video-predigten.de\/2025\/250430-Sei-konkret.mp4<\/a><\/video><\/div>\n<p><strong>Stichworte:<\/strong> die konkrete N\u00e4chstenliebe und das g\u00f6ttliche Liebesgebot &#8211; unsere Welt ist voller konkreter M\u00f6glichkeiten &#8211; der erste Schritt &#8211; Deutschland, Krieg und Frieden &#8211; konkretes Gebet<\/p>\n<p>Wer uns unterst\u00fctzen m\u00f6chte, kann dies hier tun: <a href=\"https:\/\/berliner-predigten.de\/blog\/spenden\/\" target=\"_blank\" rel=\"noopener noreferrer\">\u2665 Spenden \u2665<\/a><\/p>\n<p><strong><em>Predigt herunterladen:<\/em><\/strong><br \/>\n<em>Audio <a href=\"https:\/\/berliner-predigten.de\/dateien\/2025-04-30-Sei-konkret.mp3\" target=\"_blank\" rel=\"noopener noreferrer\">2025-04-30 Sei konkret<\/a><\/em><br \/>\n<em>Video <a href=\"https:\/\/video-predigten.de\/2025\/250430-Sei-konkret.mp4\" target=\"_blank\" rel=\"noopener\">Sei konkret<\/a><\/em><\/p>\n<p><a href=\"https:\/\/berliner-predigten.de\/blog\/wp-content\/uploads\/2025\/04\/250430-die-welt-ist-voller.webp\" target=\"_blank\" rel=\"noopener\"><img loading=\"lazy\" decoding=\"async\" class=\"alignnone wp-image-27583 size-medium\" src=\"https:\/\/berliner-predigten.de\/blog\/wp-content\/uploads\/2025\/04\/250430-die-welt-ist-voller-300x300.webp\" alt=\"Die Welt ist voller Spr\u00fcchemacher\" width=\"300\" height=\"300\" srcset=\"https:\/\/berliner-predigten.de\/blog\/wp-content\/uploads\/2025\/04\/250430-die-welt-ist-voller-300x300.webp 300w, https:\/\/berliner-predigten.de\/blog\/wp-content\/uploads\/2025\/04\/250430-die-welt-ist-voller-150x150.webp 150w, https:\/\/berliner-predigten.de\/blog\/wp-content\/uploads\/2025\/04\/250430-die-welt-ist-voller-768x768.webp 768w, https:\/\/berliner-predigten.de\/blog\/wp-content\/uploads\/2025\/04\/250430-die-welt-ist-voller.webp 949w\" sizes=\"auto, (max-width: 300px) 100vw, 300px\" \/><\/a><\/p>\n","protected":false},"excerpt":{"rendered":"<p>Die Welt ist voller Spr\u00fcchemacher. Wie wird man ein Heiliger?<\/p>\n","protected":false},"author":2,"featured_media":27579,"comment_status":"closed","ping_status":"closed","sticky":false,"template":"","format":"standard","meta":{"footnotes":""},"categories":[12,2,1434],"tags":[298,1803,324],"class_list":["post-27578","post","type-post","status-publish","format-standard","has-post-thumbnail","hentry","category-j-w-matutis","category-predigt","category-video","tag-konkret","tag-naechstenliebe","tag-sein","comments-off"],"_links":{"self":[{"href":"https:\/\/berliner-predigten.de\/blog\/wp-json\/wp\/v2\/posts\/27578","targetHints":{"allow":["GET"]}}],"collection":[{"href":"https:\/\/berliner-predigten.de\/blog\/wp-json\/wp\/v2\/posts"}],"about":[{"href":"https:\/\/berliner-predigten.de\/blog\/wp-json\/wp\/v2\/types\/post"}],"author":[{"embeddable":true,"href":"https:\/\/berliner-predigten.de\/blog\/wp-json\/wp\/v2\/users\/2"}],"replies":[{"embeddable":true,"href":"https:\/\/berliner-predigten.de\/blog\/wp-json\/wp\/v2\/comments?post=27578"}],"version-history":[{"count":9,"href":"https:\/\/berliner-predigten.de\/blog\/wp-json\/wp\/v2\/posts\/27578\/revisions"}],"predecessor-version":[{"id":27590,"href":"https:\/\/berliner-predigten.de\/blog\/wp-json\/wp\/v2\/posts\/27578\/revisions\/27590"}],"wp:featuredmedia":[{"embeddable":true,"href":"https:\/\/berliner-predigten.de\/blog\/wp-json\/wp\/v2\/media\/27579"}],"wp:attachment":[{"href":"https:\/\/berliner-predigten.de\/blog\/wp-json\/wp\/v2\/media?parent=27578"}],"wp:term":[{"taxonomy":"category","embeddable":true,"href":"https:\/\/berliner-predigten.de\/blog\/wp-json\/wp\/v2\/categories?post=27578"},{"taxonomy":"post_tag","embeddable":true,"href":"https:\/\/berliner-predigten.de\/blog\/wp-json\/wp\/v2\/tags?post=27578"}],"curies":[{"name":"wp","href":"https:\/\/api.w.org\/{rel}","templated":true}]}}