{"id":27557,"date":"2025-04-27T12:42:01","date_gmt":"2025-04-27T10:42:01","guid":{"rendered":"https:\/\/berliner-predigten.de\/blog\/?p=27557"},"modified":"2025-05-04T11:37:47","modified_gmt":"2025-05-04T09:37:47","slug":"themen-der-woche-2025-18","status":"publish","type":"post","link":"https:\/\/berliner-predigten.de\/blog\/2025\/04\/27\/themen-der-woche-2025-18\/","title":{"rendered":"Themen der Woche 2025\/18"},"content":{"rendered":"<p>Die Themen f\u00fcr die Woche 2025\/18 im <a href=\"https:\/\/gemeindezentrum.berlin\/\" target=\"_blank\" rel=\"noopener noreferrer\">Gemeinde-Zentrum<\/a> \u2013 komm vorbei oder h\u00f6re <a href=\"https:\/\/www.facebook.com\/johannes.matutis\" target=\"_blank\" rel=\"noopener\">Pastor Joh. W. Matutis<\/a> im Internet (jeweils 2 Stunden sp\u00e4ter).<\/p>\n<p>Mittwoch, 30. April 2025, 16 Uhr:<br \/>\n<a href=\"https:\/\/berliner-predigten.de\/blog\/2025\/04\/30\/sei-konkret\/\"><strong>Sei konkret<\/strong><\/a><\/p>\n<p>Freitag, 2. Mai 2025, 19 Uhr:<br \/>\n<a href=\"https:\/\/berliner-predigten.de\/blog\/2025\/05\/02\/gott-will-dich-fuehren\/\"><strong>Gott will dich f\u00fchren<\/strong><\/a><\/p>\n<p>Samstag, 3. Mai 2025, 19 Uhr:<br \/>\n<a href=\"https:\/\/berliner-predigten.de\/blog\/2025\/05\/03\/uebernatuerlicher-friede\/\"><strong>\u00dcbernat\u00fcrlicher Friede<\/strong><\/a><\/p>\n<p>Sonntag, 4. Mai 2025, 10 Uhr:<br \/>\n<a href=\"https:\/\/berliner-predigten.de\/blog\/2025\/05\/04\/ehre-gott\/\"><strong>Ehre Gott<\/strong><\/a><\/p>\n","protected":false},"excerpt":{"rendered":"<p>Die Themen f\u00fcr die Woche 2025\/18 im Gemeinde-Zentrum \u2013 komm vorbei oder h\u00f6re Pastor Joh. W. Matutis im Internet (jeweils 2 Stunden sp\u00e4ter). Mittwoch, 30. April 2025, 16 Uhr: Sei konkret Freitag, 2. Mai 2025, 19 Uhr: Gott will dich f\u00fchren Samstag, 3. Mai 2025, 19 Uhr: \u00dcbernat\u00fcrlicher Friede Sonntag, 4. Mai 2025, 10 Uhr: Ehre Gott<\/p>\n","protected":false},"author":2,"featured_media":27558,"comment_status":"closed","ping_status":"closed","sticky":false,"template":"","format":"standard","meta":{"footnotes":""},"categories":[3],"tags":[],"class_list":["post-27557","post","type-post","status-publish","format-standard","has-post-thumbnail","hentry","category-termine-und-themen","comments-off"],"_links":{"self":[{"href":"https:\/\/berliner-predigten.de\/blog\/wp-json\/wp\/v2\/posts\/27557","targetHints":{"allow":["GET"]}}],"collection":[{"href":"https:\/\/berliner-predigten.de\/blog\/wp-json\/wp\/v2\/posts"}],"about":[{"href":"https:\/\/berliner-predigten.de\/blog\/wp-json\/wp\/v2\/types\/post"}],"author":[{"embeddable":true,"href":"https:\/\/berliner-predigten.de\/blog\/wp-json\/wp\/v2\/users\/2"}],"replies":[{"embeddable":true,"href":"https:\/\/berliner-predigten.de\/blog\/wp-json\/wp\/v2\/comments?post=27557"}],"version-history":[{"count":5,"href":"https:\/\/berliner-predigten.de\/blog\/wp-json\/wp\/v2\/posts\/27557\/revisions"}],"predecessor-version":[{"id":27626,"href":"https:\/\/berliner-predigten.de\/blog\/wp-json\/wp\/v2\/posts\/27557\/revisions\/27626"}],"wp:featuredmedia":[{"embeddable":true,"href":"https:\/\/berliner-predigten.de\/blog\/wp-json\/wp\/v2\/media\/27558"}],"wp:attachment":[{"href":"https:\/\/berliner-predigten.de\/blog\/wp-json\/wp\/v2\/media?parent=27557"}],"wp:term":[{"taxonomy":"category","embeddable":true,"href":"https:\/\/berliner-predigten.de\/blog\/wp-json\/wp\/v2\/categories?post=27557"},{"taxonomy":"post_tag","embeddable":true,"href":"https:\/\/berliner-predigten.de\/blog\/wp-json\/wp\/v2\/tags?post=27557"}],"curies":[{"name":"wp","href":"https:\/\/api.w.org\/{rel}","templated":true}]}}