{"id":26951,"date":"2025-03-09T12:14:47","date_gmt":"2025-03-09T11:14:47","guid":{"rendered":"https:\/\/berliner-predigten.de\/blog\/?p=26951"},"modified":"2025-03-16T11:16:57","modified_gmt":"2025-03-16T10:16:57","slug":"themen-der-woche-2025-11","status":"publish","type":"post","link":"https:\/\/berliner-predigten.de\/blog\/2025\/03\/09\/themen-der-woche-2025-11\/","title":{"rendered":"Themen der Woche 2025\/11"},"content":{"rendered":"<p>Die Themen f\u00fcr die Woche 2025\/11 im <a href=\"https:\/\/gemeindezentrum.berlin\/\" target=\"_blank\" rel=\"noopener noreferrer\">Gemeinde-Zentrum<\/a> \u2013 komm vorbei oder h\u00f6re <a href=\"https:\/\/www.facebook.com\/johannes.matutis\" target=\"_blank\" rel=\"noopener\">Pastor Joh. W. Matutis<\/a> im Internet (jeweils 2 Stunden sp\u00e4ter).<\/p>\n<p>Mittwoch, 12. M\u00e4rz 2025, 16 Uhr:<br \/>\n<a href=\"https:\/\/berliner-predigten.de\/blog\/2025\/03\/12\/empfangen-lernen\/\"><strong>Empfangen lernen<\/strong><\/a><\/p>\n<p>Freitag, 14. M\u00e4rz 2025, 19 Uhr:<br \/>\n<a href=\"https:\/\/berliner-predigten.de\/blog\/2025\/03\/14\/halte-dich-an-gott\/\"><strong>Halte dich an Gott<\/strong><\/a><\/p>\n<p>Samstag, 15. M\u00e4rz 2025, 19 Uhr:<br \/>\n<a href=\"https:\/\/berliner-predigten.de\/blog\/2025\/03\/15\/koerpersprache\/\"><strong>K\u00f6rpersprache<\/strong><\/a><\/p>\n<p>Sonntag, 16. M\u00e4rz 2025, 10 Uhr:<br \/>\n<a href=\"https:\/\/berliner-predigten.de\/blog\/2025\/03\/16\/gott-will-dich-heilen-3\/\"><strong>Gott will dich heilen<\/strong><\/a><\/p>\n","protected":false},"excerpt":{"rendered":"<p>Die Themen f\u00fcr die Woche 2025\/11 im Gemeinde-Zentrum \u2013 komm vorbei oder h\u00f6re Pastor Joh. W. Matutis im Internet (jeweils 2 Stunden sp\u00e4ter). Mittwoch, 12. M\u00e4rz 2025, 16 Uhr: Empfangen lernen Freitag, 14. M\u00e4rz 2025, 19 Uhr: Halte dich an Gott Samstag, 15. M\u00e4rz 2025, 19 Uhr: K\u00f6rpersprache Sonntag, 16. M\u00e4rz 2025, 10 Uhr: Gott will dich heilen<\/p>\n","protected":false},"author":2,"featured_media":27010,"comment_status":"closed","ping_status":"closed","sticky":false,"template":"","format":"standard","meta":{"footnotes":""},"categories":[3],"tags":[],"class_list":["post-26951","post","type-post","status-publish","format-standard","has-post-thumbnail","hentry","category-termine-und-themen","comments-off"],"_links":{"self":[{"href":"https:\/\/berliner-predigten.de\/blog\/wp-json\/wp\/v2\/posts\/26951","targetHints":{"allow":["GET"]}}],"collection":[{"href":"https:\/\/berliner-predigten.de\/blog\/wp-json\/wp\/v2\/posts"}],"about":[{"href":"https:\/\/berliner-predigten.de\/blog\/wp-json\/wp\/v2\/types\/post"}],"author":[{"embeddable":true,"href":"https:\/\/berliner-predigten.de\/blog\/wp-json\/wp\/v2\/users\/2"}],"replies":[{"embeddable":true,"href":"https:\/\/berliner-predigten.de\/blog\/wp-json\/wp\/v2\/comments?post=26951"}],"version-history":[{"count":5,"href":"https:\/\/berliner-predigten.de\/blog\/wp-json\/wp\/v2\/posts\/26951\/revisions"}],"predecessor-version":[{"id":27127,"href":"https:\/\/berliner-predigten.de\/blog\/wp-json\/wp\/v2\/posts\/26951\/revisions\/27127"}],"wp:featuredmedia":[{"embeddable":true,"href":"https:\/\/berliner-predigten.de\/blog\/wp-json\/wp\/v2\/media\/27010"}],"wp:attachment":[{"href":"https:\/\/berliner-predigten.de\/blog\/wp-json\/wp\/v2\/media?parent=26951"}],"wp:term":[{"taxonomy":"category","embeddable":true,"href":"https:\/\/berliner-predigten.de\/blog\/wp-json\/wp\/v2\/categories?post=26951"},{"taxonomy":"post_tag","embeddable":true,"href":"https:\/\/berliner-predigten.de\/blog\/wp-json\/wp\/v2\/tags?post=26951"}],"curies":[{"name":"wp","href":"https:\/\/api.w.org\/{rel}","templated":true}]}}