{"id":26406,"date":"2025-01-03T18:30:28","date_gmt":"2025-01-03T17:30:28","guid":{"rendered":"https:\/\/berliner-predigten.de\/blog\/?p=26406"},"modified":"2025-07-30T19:53:22","modified_gmt":"2025-07-30T17:53:22","slug":"das-wichtigste-zuerst","status":"publish","type":"post","link":"https:\/\/berliner-predigten.de\/blog\/2025\/01\/03\/das-wichtigste-zuerst\/","title":{"rendered":"Das Wichtigste zuerst"},"content":{"rendered":"<p>Nimm Gottes Sache ernst! Setze die richtige Priorit\u00e4t in deinem Leben: Gott zuerst!<\/p>\n<audio class=\"wp-audio-shortcode\" id=\"audio-26406-1\" preload=\"none\" style=\"width: 100%;\" controls=\"controls\"><source type=\"audio\/mpeg\" src=\"https:\/\/berliner-predigten.de\/dateien\/2025-01-03-Das-Wichtigste-zuerst.mp3?_=1\" \/><a href=\"https:\/\/berliner-predigten.de\/dateien\/2025-01-03-Das-Wichtigste-zuerst.mp3\">https:\/\/berliner-predigten.de\/dateien\/2025-01-03-Das-Wichtigste-zuerst.mp3<\/a><\/audio>\n<p><!--more--><\/p>\n<div style=\"width: 640px;\" class=\"wp-video\"><video class=\"wp-video-shortcode\" id=\"video-26406-1\" width=\"640\" height=\"360\" preload=\"metadata\" controls=\"controls\"><source type=\"video\/mp4\" src=\"https:\/\/video-predigten.de\/2025\/250103-Das-Wichtigste-zuerst.mp4?_=1\" \/><a href=\"https:\/\/video-predigten.de\/2025\/250103-Das-Wichtigste-zuerst.mp4\">https:\/\/video-predigten.de\/2025\/250103-Das-Wichtigste-zuerst.mp4<\/a><\/video><\/div>\n<p><strong>Stichworte:<\/strong> die Dankbarkeit der Gesegneten &#8211; die paar Habseligkeiten, der verlorene Sohn und das gute Teil &#8211; Gemeinschaft mit dem Heiland &#8211; Offenbarung selbst erleben und die Erf\u00fcllung mit dem Heiligen Geist<\/p>\n<p><span class=\"x193iq5w xeuugli x13faqbe x1vvkbs x10flsy6 x1lliihq x1s928wv xhkezso x1gmr53x x1cpjm7i x1fgarty x1943h6x x4zkp8e x41vudc x6prxxf xvq8zen xo1l8bm xzsf02u x1yc453h\" dir=\"auto\">Dieses Wort ist f\u00fcr Dich, f\u00fcr heute, f\u00fcr 2025! Gott wird zu dir reden. Es sind Predigt-Umrisse und Botschaften aus meinen Predigten, die Gott mir gab. Bitte bete, w\u00e4hle Dir eine Zahl von 1 bis 150 aus und schaue hier: <span class=\"html-span xdj266r x11i5rnm xat24cr x1mh8g0r xexx8yu x4uap5 x18d9i69 xkhd6sd x1hl2dhg x16tdsg8 x1vvkbs\"><a class=\"x1i10hfl xjbqb8w x1ejq31n xd10rxx x1sy0etr x17r0tee x972fbf xcfux6l x1qhh985 xm0m39n x9f619 x1ypdohk xt0psk2 xe8uvvx xdj266r x11i5rnm xat24cr x1mh8g0r xexx8yu x4uap5 x18d9i69 xkhd6sd x16tdsg8 x1hl2dhg xggy1nq x1a2a7pz x1sur9pj xkrqix3 x1fey0fg x1s688f\" tabindex=\"0\" role=\"link\" href=\"https:\/\/berliner-predigten.de\/blog\/2025\/01\/03\/prophetische-worte-fuer-2025\/?fbclid=IwZXh0bgNhZW0CMTAAAR2DwxRuOvrKWbXRapc2h_bXh3eouWMW6hMp_TmOLkcZo3PvozXY0jQFwsE_aem_drfaGYhW8h3ZwTLZAK8Ykg\" target=\"_blank\" rel=\"nofollow noopener noreferrer\">Prophetische Worte f\u00fcr 2025<\/a><\/span><\/span><\/p>\n<p>Wer uns unterst\u00fctzen m\u00f6chte, kann dies hier tun: <a href=\"https:\/\/berliner-predigten.de\/blog\/spenden\/\" target=\"_blank\" rel=\"noopener noreferrer\">\u2665 Spenden \u2665<\/a><\/p>\n<p><strong><em>Predigt herunterladen:<\/em><\/strong><br \/>\n<em>Audio <a href=\"https:\/\/berliner-predigten.de\/dateien\/2025-01-03-Das-Wichtigste-zuerst.mp3\" target=\"_blank\" rel=\"noopener noreferrer\">2025-01-03 Das Wichtigste zuerst<\/a><\/em><br \/>\n<em>Video <a href=\"https:\/\/video-predigten.de\/2025\/250103-Das-Wichtigste-zuerst.mp4\" target=\"_blank\" rel=\"noopener\">Das Wichtigste zuerst<\/a><\/em><\/p>\n<p><a href=\"https:\/\/berliner-predigten.de\/blog\/wp-content\/uploads\/2025\/01\/250103-nimm-gottes-sache-ernst.webp\" target=\"_blank\" rel=\"noopener\"><img loading=\"lazy\" decoding=\"async\" class=\"alignnone wp-image-26420 size-medium\" src=\"https:\/\/berliner-predigten.de\/blog\/wp-content\/uploads\/2025\/01\/250103-nimm-gottes-sache-ernst-300x300.webp\" alt=\"Nimm Gottes Sache ernst\" width=\"300\" height=\"300\" srcset=\"https:\/\/berliner-predigten.de\/blog\/wp-content\/uploads\/2025\/01\/250103-nimm-gottes-sache-ernst-300x300.webp 300w, https:\/\/berliner-predigten.de\/blog\/wp-content\/uploads\/2025\/01\/250103-nimm-gottes-sache-ernst-150x150.webp 150w, https:\/\/berliner-predigten.de\/blog\/wp-content\/uploads\/2025\/01\/250103-nimm-gottes-sache-ernst-768x768.webp 768w, https:\/\/berliner-predigten.de\/blog\/wp-content\/uploads\/2025\/01\/250103-nimm-gottes-sache-ernst.webp 949w\" sizes=\"auto, (max-width: 300px) 100vw, 300px\" \/><\/a><\/p>\n","protected":false},"excerpt":{"rendered":"<p>Nimm Gottes Sache ernst! Setze die richtige Priorit\u00e4t in deinem Leben: Gott zuerst!<\/p>\n","protected":false},"author":2,"featured_media":26413,"comment_status":"closed","ping_status":"closed","sticky":false,"template":"","format":"standard","meta":{"footnotes":""},"categories":[12,2,1434],"tags":[2320,2734,1154,2582],"class_list":["post-26406","post","type-post","status-publish","format-standard","has-post-thumbnail","hentry","category-j-w-matutis","category-predigt","category-video","tag-das-wichtigste","tag-prioritaeten","tag-weihnachten","tag-zuerst","comments-off"],"_links":{"self":[{"href":"https:\/\/berliner-predigten.de\/blog\/wp-json\/wp\/v2\/posts\/26406","targetHints":{"allow":["GET"]}}],"collection":[{"href":"https:\/\/berliner-predigten.de\/blog\/wp-json\/wp\/v2\/posts"}],"about":[{"href":"https:\/\/berliner-predigten.de\/blog\/wp-json\/wp\/v2\/types\/post"}],"author":[{"embeddable":true,"href":"https:\/\/berliner-predigten.de\/blog\/wp-json\/wp\/v2\/users\/2"}],"replies":[{"embeddable":true,"href":"https:\/\/berliner-predigten.de\/blog\/wp-json\/wp\/v2\/comments?post=26406"}],"version-history":[{"count":13,"href":"https:\/\/berliner-predigten.de\/blog\/wp-json\/wp\/v2\/posts\/26406\/revisions"}],"predecessor-version":[{"id":26428,"href":"https:\/\/berliner-predigten.de\/blog\/wp-json\/wp\/v2\/posts\/26406\/revisions\/26428"}],"wp:featuredmedia":[{"embeddable":true,"href":"https:\/\/berliner-predigten.de\/blog\/wp-json\/wp\/v2\/media\/26413"}],"wp:attachment":[{"href":"https:\/\/berliner-predigten.de\/blog\/wp-json\/wp\/v2\/media?parent=26406"}],"wp:term":[{"taxonomy":"category","embeddable":true,"href":"https:\/\/berliner-predigten.de\/blog\/wp-json\/wp\/v2\/categories?post=26406"},{"taxonomy":"post_tag","embeddable":true,"href":"https:\/\/berliner-predigten.de\/blog\/wp-json\/wp\/v2\/tags?post=26406"}],"curies":[{"name":"wp","href":"https:\/\/api.w.org\/{rel}","templated":true}]}}