{"id":25593,"date":"2024-10-12T18:57:52","date_gmt":"2024-10-12T16:57:52","guid":{"rendered":"https:\/\/berliner-predigten.de\/blog\/?p=25593"},"modified":"2024-10-12T23:24:56","modified_gmt":"2024-10-12T21:24:56","slug":"die-macht-der-uebereinstimmung","status":"publish","type":"post","link":"https:\/\/berliner-predigten.de\/blog\/2024\/10\/12\/die-macht-der-uebereinstimmung\/","title":{"rendered":"Die Macht der \u00dcbereinstimmung"},"content":{"rendered":"<p>Wenn wir nicht mit Gott \u00fcbereinstimmen, stimmt auch unser K\u00f6rper nicht mit uns \u00fcberein.<\/p>\n<audio class=\"wp-audio-shortcode\" id=\"audio-25593-1\" preload=\"none\" style=\"width: 100%;\" controls=\"controls\"><source type=\"audio\/mpeg\" src=\"https:\/\/berliner-predigten.de\/dateien\/2024-10-12-Die-Macht-der-Uebereinstimmung.mp3?_=1\" \/><a href=\"https:\/\/berliner-predigten.de\/dateien\/2024-10-12-Die-Macht-der-Uebereinstimmung.mp3\">https:\/\/berliner-predigten.de\/dateien\/2024-10-12-Die-Macht-der-Uebereinstimmung.mp3<\/a><\/audio>\n<p><!--more--><\/p>\n<div style=\"width: 640px;\" class=\"wp-video\"><video class=\"wp-video-shortcode\" id=\"video-25593-1\" width=\"640\" height=\"360\" preload=\"metadata\" controls=\"controls\"><source type=\"video\/mp4\" src=\"https:\/\/video-predigten.de\/2024\/241012-Die-Macht-der-Uebereinstimmung.mp4?_=1\" \/><a href=\"https:\/\/video-predigten.de\/2024\/241012-Die-Macht-der-Uebereinstimmung.mp4\">https:\/\/video-predigten.de\/2024\/241012-Die-Macht-der-Uebereinstimmung.mp4<\/a><\/video><\/div>\n<p><strong>Stichworte:<\/strong> der gemeinsame Nenner &#8211; Wiederherstellung der inneren Einheit &#8211; praktische Tipps f\u00fcr ein Leben in Harmonie<\/p>\n<p>Wer uns unterst\u00fctzen m\u00f6chte, kann dies hier tun: <a href=\"https:\/\/berliner-predigten.de\/blog\/spenden\/\" target=\"_blank\" rel=\"noopener noreferrer\">\u2665 Spenden \u2665<\/a><\/p>\n<p><strong><em>Predigt herunterladen:<\/em><\/strong><br \/>\n<em>Audio <a href=\"https:\/\/berliner-predigten.de\/dateien\/2024-10-12-Die-Macht-der-Uebereinstimmung.mp3\" target=\"_blank\" rel=\"noopener noreferrer\">2024-10-12 Die Macht der \u00dcbereinstimmung<\/a><\/em><br \/>\n<em>Video <a href=\"https:\/\/video-predigten.de\/2024\/241012-Die-Macht-der-Uebereinstimmung.mp4\" target=\"_blank\" rel=\"noopener\">Die Macht der \u00dcbereinstimmung<\/a><\/em><\/p>\n<p><a href=\"https:\/\/berliner-predigten.de\/blog\/wp-content\/uploads\/2024\/10\/241012-wenn-wir-nicht-mit-gott.webp\" target=\"_blank\" rel=\"noopener\"><img loading=\"lazy\" decoding=\"async\" class=\"alignnone wp-image-25601 size-medium\" src=\"https:\/\/berliner-predigten.de\/blog\/wp-content\/uploads\/2024\/10\/241012-wenn-wir-nicht-mit-gott-300x300.webp\" alt=\"Wenn wir nicht mit Gott \u00fcbereinstimmen, stimmt auch unser K\u00f6rper nicht mit uns \u00fcberein\" width=\"300\" height=\"300\" srcset=\"https:\/\/berliner-predigten.de\/blog\/wp-content\/uploads\/2024\/10\/241012-wenn-wir-nicht-mit-gott-300x300.webp 300w, https:\/\/berliner-predigten.de\/blog\/wp-content\/uploads\/2024\/10\/241012-wenn-wir-nicht-mit-gott-150x150.webp 150w, https:\/\/berliner-predigten.de\/blog\/wp-content\/uploads\/2024\/10\/241012-wenn-wir-nicht-mit-gott-768x768.webp 768w, https:\/\/berliner-predigten.de\/blog\/wp-content\/uploads\/2024\/10\/241012-wenn-wir-nicht-mit-gott.webp 949w\" sizes=\"auto, (max-width: 300px) 100vw, 300px\" \/><\/a><\/p>\n","protected":false},"excerpt":{"rendered":"<p>Wenn wir nicht mit Gott \u00fcbereinstimmen, stimmt auch unser K\u00f6rper nicht mit uns \u00fcberein.<\/p>\n","protected":false},"author":2,"featured_media":25594,"comment_status":"closed","ping_status":"closed","sticky":false,"template":"","format":"standard","meta":{"footnotes":""},"categories":[12,2,1434],"tags":[1169,1148,2521,1200],"class_list":["post-25593","post","type-post","status-publish","format-standard","has-post-thumbnail","hentry","category-j-w-matutis","category-predigt","category-video","tag-harmonie","tag-macht","tag-macht-der-uebereinstimmung","tag-uebereinstimmung","comments-off"],"_links":{"self":[{"href":"https:\/\/berliner-predigten.de\/blog\/wp-json\/wp\/v2\/posts\/25593","targetHints":{"allow":["GET"]}}],"collection":[{"href":"https:\/\/berliner-predigten.de\/blog\/wp-json\/wp\/v2\/posts"}],"about":[{"href":"https:\/\/berliner-predigten.de\/blog\/wp-json\/wp\/v2\/types\/post"}],"author":[{"embeddable":true,"href":"https:\/\/berliner-predigten.de\/blog\/wp-json\/wp\/v2\/users\/2"}],"replies":[{"embeddable":true,"href":"https:\/\/berliner-predigten.de\/blog\/wp-json\/wp\/v2\/comments?post=25593"}],"version-history":[{"count":7,"href":"https:\/\/berliner-predigten.de\/blog\/wp-json\/wp\/v2\/posts\/25593\/revisions"}],"predecessor-version":[{"id":25603,"href":"https:\/\/berliner-predigten.de\/blog\/wp-json\/wp\/v2\/posts\/25593\/revisions\/25603"}],"wp:featuredmedia":[{"embeddable":true,"href":"https:\/\/berliner-predigten.de\/blog\/wp-json\/wp\/v2\/media\/25594"}],"wp:attachment":[{"href":"https:\/\/berliner-predigten.de\/blog\/wp-json\/wp\/v2\/media?parent=25593"}],"wp:term":[{"taxonomy":"category","embeddable":true,"href":"https:\/\/berliner-predigten.de\/blog\/wp-json\/wp\/v2\/categories?post=25593"},{"taxonomy":"post_tag","embeddable":true,"href":"https:\/\/berliner-predigten.de\/blog\/wp-json\/wp\/v2\/tags?post=25593"}],"curies":[{"name":"wp","href":"https:\/\/api.w.org\/{rel}","templated":true}]}}