{"id":25442,"date":"2024-09-20T16:21:03","date_gmt":"2024-09-20T14:21:03","guid":{"rendered":"https:\/\/berliner-predigten.de\/blog\/?p=25442"},"modified":"2024-09-20T23:19:00","modified_gmt":"2024-09-20T21:19:00","slug":"gottes-befoerderung","status":"publish","type":"post","link":"https:\/\/berliner-predigten.de\/blog\/2024\/09\/20\/gottes-befoerderung\/","title":{"rendered":"Gottes Bef\u00f6rderung"},"content":{"rendered":"<p>Haben wir eine g\u00f6ttliche Vision von unserem Leben? Jeder Mensch hat eine Berufung. Gottes Geist \u00fcberwindet alle Hindernisse.<\/p>\n<audio class=\"wp-audio-shortcode\" id=\"audio-25442-1\" preload=\"none\" style=\"width: 100%;\" controls=\"controls\"><source type=\"audio\/mpeg\" src=\"https:\/\/berliner-predigten.de\/dateien\/2024-09-20-Gottes-Befoerderung.mp3?_=1\" \/><a href=\"https:\/\/berliner-predigten.de\/dateien\/2024-09-20-Gottes-Befoerderung.mp3\">https:\/\/berliner-predigten.de\/dateien\/2024-09-20-Gottes-Befoerderung.mp3<\/a><\/audio>\n<p><!--more--><\/p>\n<div style=\"width: 640px;\" class=\"wp-video\"><video class=\"wp-video-shortcode\" id=\"video-25442-1\" width=\"640\" height=\"360\" preload=\"metadata\" controls=\"controls\"><source type=\"video\/mp4\" src=\"https:\/\/video-predigten.de\/2024\/240920-Gottes-Befoerderung.mp4?_=1\" \/><a href=\"https:\/\/video-predigten.de\/2024\/240920-Gottes-Befoerderung.mp4\">https:\/\/video-predigten.de\/2024\/240920-Gottes-Befoerderung.mp4<\/a><\/video><\/div>\n<p><strong>Stichworte:<\/strong> das Leben und die Berufung von Joseph &#8211; aus den Leidensjahren wurden Jubeljahre &#8211; die Tr\u00e4ume aus den jungen Jahren &#8211; wenn alles passt &#8230;<\/p>\n<p>Wer uns unterst\u00fctzen m\u00f6chte, kann dies hier tun: <a href=\"https:\/\/berliner-predigten.de\/blog\/spenden\/\" target=\"_blank\" rel=\"noopener noreferrer\">\u2665 Spenden \u2665<\/a><\/p>\n<p><strong><em>Predigt herunterladen:<\/em><\/strong><br \/>\n<em>Audio <a href=\"https:\/\/berliner-predigten.de\/dateien\/2024-09-20-Gottes-Befoerderung.mp3\" target=\"_blank\" rel=\"noopener noreferrer\">2024-09-20 Gottes Bef\u00f6rderung<\/a><\/em><br \/>\n<em>Video <a href=\"https:\/\/video-predigten.de\/2024\/240920-Gottes-Befoerderung.mp4\" target=\"_blank\" rel=\"noopener\">Gottes Bef\u00f6rderung<\/a><\/em><\/p>\n<p><a href=\"https:\/\/berliner-predigten.de\/blog\/wp-content\/uploads\/2024\/09\/240920-haben-wir-eine-goettliche-vision.webp\" target=\"_blank\" rel=\"noopener\"><img loading=\"lazy\" decoding=\"async\" class=\"alignnone wp-image-25449 size-medium\" src=\"https:\/\/berliner-predigten.de\/blog\/wp-content\/uploads\/2024\/09\/240920-haben-wir-eine-goettliche-vision-300x300.webp\" alt=\"Haben wir eine g\u00f6ttliche Vision von unserem Leben\" width=\"300\" height=\"300\" srcset=\"https:\/\/berliner-predigten.de\/blog\/wp-content\/uploads\/2024\/09\/240920-haben-wir-eine-goettliche-vision-300x300.webp 300w, https:\/\/berliner-predigten.de\/blog\/wp-content\/uploads\/2024\/09\/240920-haben-wir-eine-goettliche-vision-150x150.webp 150w, https:\/\/berliner-predigten.de\/blog\/wp-content\/uploads\/2024\/09\/240920-haben-wir-eine-goettliche-vision-768x768.webp 768w, https:\/\/berliner-predigten.de\/blog\/wp-content\/uploads\/2024\/09\/240920-haben-wir-eine-goettliche-vision.webp 949w\" sizes=\"auto, (max-width: 300px) 100vw, 300px\" \/><\/a><\/p>\n","protected":false},"excerpt":{"rendered":"<p>Haben wir eine g\u00f6ttliche Vision von unserem Leben? Jeder Mensch hat eine Berufung. Gottes Geist \u00fcberwindet alle Hindernisse.<\/p>\n","protected":false},"author":2,"featured_media":25444,"comment_status":"closed","ping_status":"closed","sticky":false,"template":"","format":"standard","meta":{"footnotes":""},"categories":[12,2,1434],"tags":[407,2508,1278,2294],"class_list":["post-25442","post","type-post","status-publish","format-standard","has-post-thumbnail","hentry","category-j-w-matutis","category-predigt","category-video","tag-befoerderung","tag-gottes-befoerderung","tag-joseph","tag-lastenausgleich","comments-off"],"_links":{"self":[{"href":"https:\/\/berliner-predigten.de\/blog\/wp-json\/wp\/v2\/posts\/25442","targetHints":{"allow":["GET"]}}],"collection":[{"href":"https:\/\/berliner-predigten.de\/blog\/wp-json\/wp\/v2\/posts"}],"about":[{"href":"https:\/\/berliner-predigten.de\/blog\/wp-json\/wp\/v2\/types\/post"}],"author":[{"embeddable":true,"href":"https:\/\/berliner-predigten.de\/blog\/wp-json\/wp\/v2\/users\/2"}],"replies":[{"embeddable":true,"href":"https:\/\/berliner-predigten.de\/blog\/wp-json\/wp\/v2\/comments?post=25442"}],"version-history":[{"count":9,"href":"https:\/\/berliner-predigten.de\/blog\/wp-json\/wp\/v2\/posts\/25442\/revisions"}],"predecessor-version":[{"id":25454,"href":"https:\/\/berliner-predigten.de\/blog\/wp-json\/wp\/v2\/posts\/25442\/revisions\/25454"}],"wp:featuredmedia":[{"embeddable":true,"href":"https:\/\/berliner-predigten.de\/blog\/wp-json\/wp\/v2\/media\/25444"}],"wp:attachment":[{"href":"https:\/\/berliner-predigten.de\/blog\/wp-json\/wp\/v2\/media?parent=25442"}],"wp:term":[{"taxonomy":"category","embeddable":true,"href":"https:\/\/berliner-predigten.de\/blog\/wp-json\/wp\/v2\/categories?post=25442"},{"taxonomy":"post_tag","embeddable":true,"href":"https:\/\/berliner-predigten.de\/blog\/wp-json\/wp\/v2\/tags?post=25442"}],"curies":[{"name":"wp","href":"https:\/\/api.w.org\/{rel}","templated":true}]}}