{"id":25148,"date":"2024-08-18T11:36:27","date_gmt":"2024-08-18T09:36:27","guid":{"rendered":"https:\/\/berliner-predigten.de\/blog\/?p=25148"},"modified":"2024-08-18T13:52:06","modified_gmt":"2024-08-18T11:52:06","slug":"es-ist-zeit-zur-veraenderung","status":"publish","type":"post","link":"https:\/\/berliner-predigten.de\/blog\/2024\/08\/18\/es-ist-zeit-zur-veraenderung\/","title":{"rendered":"Es ist Zeit zur Ver\u00e4nderung"},"content":{"rendered":"<p>Wer die Welt ver\u00e4ndern will, f\u00e4ngt am besten bei sich selbst an. Nur von Verwandelten kann eine Verwandlung ausgehen. Ist das Leben noch lebenswert?<\/p>\n<audio class=\"wp-audio-shortcode\" id=\"audio-25148-1\" preload=\"none\" style=\"width: 100%;\" controls=\"controls\"><source type=\"audio\/mpeg\" src=\"https:\/\/berliner-predigten.de\/dateien\/2024-08-18-Es-ist-Zeit-zur-Veraenderung.mp3?_=1\" \/><a href=\"https:\/\/berliner-predigten.de\/dateien\/2024-08-18-Es-ist-Zeit-zur-Veraenderung.mp3\">https:\/\/berliner-predigten.de\/dateien\/2024-08-18-Es-ist-Zeit-zur-Veraenderung.mp3<\/a><\/audio>\n<p><!--more--><\/p>\n<div style=\"width: 640px;\" class=\"wp-video\"><video class=\"wp-video-shortcode\" id=\"video-25148-1\" width=\"640\" height=\"360\" preload=\"metadata\" controls=\"controls\"><source type=\"video\/mp4\" src=\"https:\/\/video-predigten.de\/2024\/240818-Es-ist-Zeit-zur-Veraenderung.mp4?_=1\" \/><a href=\"https:\/\/video-predigten.de\/2024\/240818-Es-ist-Zeit-zur-Veraenderung.mp4\">https:\/\/video-predigten.de\/2024\/240818-Es-ist-Zeit-zur-Veraenderung.mp4<\/a><\/video><\/div>\n<p><strong>Stichworte:<\/strong> eine ganz andere Zeit &#8211; viel Arbeit f\u00fcr eine Predigt &#8211; ein paar Gedanken zu Zeit, Endzeit und Ewigkeit &#8211; Denken und Umdenken &#8211; es wird ein Sterben geben &#8230; &#8211; gleiche Gesetze im Diesseits und im Jenseits &#8211; praktische Tipps, um dein Lebensziel zu erreichen &#8211; wenn der Herr die Seinen ruft<\/p>\n<p>Wer uns unterst\u00fctzen m\u00f6chte, kann dies hier tun: <a href=\"https:\/\/berliner-predigten.de\/blog\/spenden\/\" target=\"_blank\" rel=\"noopener noreferrer\">\u2665 Spenden \u2665<\/a><\/p>\n<p><strong><em>Predigt herunterladen:<\/em><\/strong><br \/>\n<em>Audio <a href=\"https:\/\/berliner-predigten.de\/dateien\/2024-08-18-Es-ist-Zeit-zur-Veraenderung.mp3\" target=\"_blank\" rel=\"noopener noreferrer\">2024-08-18 Es ist Zeit zur Ver\u00e4nderung<\/a><\/em><br \/>\n<em>Video <a href=\"https:\/\/video-predigten.de\/2024\/240818-Es-ist-Zeit-zur-Veraenderung.mp4\" target=\"_blank\" rel=\"noopener\">Es ist Zeit zur Ver\u00e4nderung<\/a><\/em><\/p>\n<p><a href=\"https:\/\/berliner-predigten.de\/blog\/wp-content\/uploads\/2024\/08\/240818-wer-die-welt-veraendern-will.webp\" target=\"_blank\" rel=\"noopener\"><img loading=\"lazy\" decoding=\"async\" class=\"alignnone wp-image-25152 size-medium\" src=\"https:\/\/berliner-predigten.de\/blog\/wp-content\/uploads\/2024\/08\/240818-wer-die-welt-veraendern-will-300x300.webp\" alt=\"Wer die Welt ver\u00e4ndern will, f\u00e4ngt am besten bei sich selbst an\" width=\"300\" height=\"300\" srcset=\"https:\/\/berliner-predigten.de\/blog\/wp-content\/uploads\/2024\/08\/240818-wer-die-welt-veraendern-will-300x300.webp 300w, https:\/\/berliner-predigten.de\/blog\/wp-content\/uploads\/2024\/08\/240818-wer-die-welt-veraendern-will-150x150.webp 150w, https:\/\/berliner-predigten.de\/blog\/wp-content\/uploads\/2024\/08\/240818-wer-die-welt-veraendern-will-768x768.webp 768w, https:\/\/berliner-predigten.de\/blog\/wp-content\/uploads\/2024\/08\/240818-wer-die-welt-veraendern-will.webp 949w\" sizes=\"auto, (max-width: 300px) 100vw, 300px\" \/><\/a><\/p>\n","protected":false},"excerpt":{"rendered":"<p>Wer die Welt ver\u00e4ndern will, f\u00e4ngt am besten bei sich selbst an. Nur von Verwandelten kann eine Verwandlung ausgehen. Ist das Leben noch lebenswert?<\/p>\n","protected":false},"author":2,"featured_media":25150,"comment_status":"closed","ping_status":"closed","sticky":false,"template":"","format":"standard","meta":{"footnotes":""},"categories":[12,2,1434],"tags":[535,162,953],"class_list":["post-25148","post","type-post","status-publish","format-standard","has-post-thumbnail","hentry","category-j-w-matutis","category-predigt","category-video","tag-es-ist","tag-veraenderung","tag-zeit","comments-off"],"_links":{"self":[{"href":"https:\/\/berliner-predigten.de\/blog\/wp-json\/wp\/v2\/posts\/25148","targetHints":{"allow":["GET"]}}],"collection":[{"href":"https:\/\/berliner-predigten.de\/blog\/wp-json\/wp\/v2\/posts"}],"about":[{"href":"https:\/\/berliner-predigten.de\/blog\/wp-json\/wp\/v2\/types\/post"}],"author":[{"embeddable":true,"href":"https:\/\/berliner-predigten.de\/blog\/wp-json\/wp\/v2\/users\/2"}],"replies":[{"embeddable":true,"href":"https:\/\/berliner-predigten.de\/blog\/wp-json\/wp\/v2\/comments?post=25148"}],"version-history":[{"count":12,"href":"https:\/\/berliner-predigten.de\/blog\/wp-json\/wp\/v2\/posts\/25148\/revisions"}],"predecessor-version":[{"id":25162,"href":"https:\/\/berliner-predigten.de\/blog\/wp-json\/wp\/v2\/posts\/25148\/revisions\/25162"}],"wp:featuredmedia":[{"embeddable":true,"href":"https:\/\/berliner-predigten.de\/blog\/wp-json\/wp\/v2\/media\/25150"}],"wp:attachment":[{"href":"https:\/\/berliner-predigten.de\/blog\/wp-json\/wp\/v2\/media?parent=25148"}],"wp:term":[{"taxonomy":"category","embeddable":true,"href":"https:\/\/berliner-predigten.de\/blog\/wp-json\/wp\/v2\/categories?post=25148"},{"taxonomy":"post_tag","embeddable":true,"href":"https:\/\/berliner-predigten.de\/blog\/wp-json\/wp\/v2\/tags?post=25148"}],"curies":[{"name":"wp","href":"https:\/\/api.w.org\/{rel}","templated":true}]}}