{"id":23656,"date":"2024-03-17T16:23:07","date_gmt":"2024-03-17T15:23:07","guid":{"rendered":"https:\/\/berliner-predigten.de\/blog\/?p=23656"},"modified":"2024-03-24T12:47:01","modified_gmt":"2024-03-24T11:47:01","slug":"themen-der-woche-2024-12","status":"publish","type":"post","link":"https:\/\/berliner-predigten.de\/blog\/2024\/03\/17\/themen-der-woche-2024-12\/","title":{"rendered":"Themen der Woche 2024\/12"},"content":{"rendered":"<p>Die Themen f\u00fcr die Woche 2024\/12 im <a href=\"https:\/\/gemeindezentrum.berlin\/\" target=\"_blank\" rel=\"noopener noreferrer\">Gemeinde-Zentrum<\/a> \u2013 komm vorbei oder h\u00f6re <a href=\"https:\/\/www.facebook.com\/johannes.matutis\" target=\"_blank\" rel=\"noopener\">Pastor Joh. W. Matutis<\/a> im Internet (jeweils 2 Stunden sp\u00e4ter).<\/p>\n<p>Mittwoch, 20. M\u00e4rz 2024, 16 Uhr:<br \/>\n<a href=\"https:\/\/berliner-predigten.de\/blog\/2024\/03\/20\/halte-den-angriffen-stand\/\"><strong>Halte den Angriffen stand<\/strong><\/a><\/p>\n<p>Freitag, 22. M\u00e4rz 2024, 19 Uhr:<br \/>\n<a href=\"https:\/\/berliner-predigten.de\/blog\/2024\/03\/22\/gott-fuehrt-die-seinen\/\"><strong>Gott f\u00fchrt die Seinen<\/strong><\/a><\/p>\n<p>Samstag, 23. M\u00e4rz 2024, 19 Uhr:<br \/>\n<a href=\"https:\/\/berliner-predigten.de\/blog\/2024\/03\/23\/mache-mehr-aus-deinem-leben\/\"><strong>Mache mehr aus deinem Leben<\/strong><\/a><\/p>\n<p>Sonntag, 24. M\u00e4rz 2024, 10 Uhr:<br \/>\n<a href=\"https:\/\/berliner-predigten.de\/blog\/2024\/03\/24\/erlebe-deine-befreiung\/\"><strong>Erlebe deine Befreiung<\/strong><\/a><\/p>\n","protected":false},"excerpt":{"rendered":"<p>Die Themen f\u00fcr die Woche 2024\/12 im Gemeinde-Zentrum \u2013 komm vorbei oder h\u00f6re Pastor Joh. W. Matutis im Internet (jeweils 2 Stunden sp\u00e4ter). Mittwoch, 20. M\u00e4rz 2024, 16 Uhr: Halte den Angriffen stand Freitag, 22. M\u00e4rz 2024, 19 Uhr: Gott f\u00fchrt die Seinen Samstag, 23. M\u00e4rz 2024, 19 Uhr: Mache mehr aus deinem Leben Sonntag, 24. M\u00e4rz 2024, 10 Uhr: Erlebe deine Befreiung<\/p>\n","protected":false},"author":2,"featured_media":23668,"comment_status":"open","ping_status":"open","sticky":false,"template":"","format":"standard","meta":{"footnotes":""},"categories":[3],"tags":[],"class_list":["post-23656","post","type-post","status-publish","format-standard","has-post-thumbnail","hentry","category-termine-und-themen","comments-off"],"_links":{"self":[{"href":"https:\/\/berliner-predigten.de\/blog\/wp-json\/wp\/v2\/posts\/23656","targetHints":{"allow":["GET"]}}],"collection":[{"href":"https:\/\/berliner-predigten.de\/blog\/wp-json\/wp\/v2\/posts"}],"about":[{"href":"https:\/\/berliner-predigten.de\/blog\/wp-json\/wp\/v2\/types\/post"}],"author":[{"embeddable":true,"href":"https:\/\/berliner-predigten.de\/blog\/wp-json\/wp\/v2\/users\/2"}],"replies":[{"embeddable":true,"href":"https:\/\/berliner-predigten.de\/blog\/wp-json\/wp\/v2\/comments?post=23656"}],"version-history":[{"count":5,"href":"https:\/\/berliner-predigten.de\/blog\/wp-json\/wp\/v2\/posts\/23656\/revisions"}],"predecessor-version":[{"id":23729,"href":"https:\/\/berliner-predigten.de\/blog\/wp-json\/wp\/v2\/posts\/23656\/revisions\/23729"}],"wp:featuredmedia":[{"embeddable":true,"href":"https:\/\/berliner-predigten.de\/blog\/wp-json\/wp\/v2\/media\/23668"}],"wp:attachment":[{"href":"https:\/\/berliner-predigten.de\/blog\/wp-json\/wp\/v2\/media?parent=23656"}],"wp:term":[{"taxonomy":"category","embeddable":true,"href":"https:\/\/berliner-predigten.de\/blog\/wp-json\/wp\/v2\/categories?post=23656"},{"taxonomy":"post_tag","embeddable":true,"href":"https:\/\/berliner-predigten.de\/blog\/wp-json\/wp\/v2\/tags?post=23656"}],"curies":[{"name":"wp","href":"https:\/\/api.w.org\/{rel}","templated":true}]}}