{"id":2294,"date":"2020-02-26T17:45:52","date_gmt":"2020-02-26T16:45:52","guid":{"rendered":"https:\/\/berliner-predigten.de\/blog\/?p=2294"},"modified":"2020-11-19T15:57:44","modified_gmt":"2020-11-19T14:57:44","slug":"wie-ich-jesus-sah","status":"publish","type":"post","link":"https:\/\/berliner-predigten.de\/blog\/2020\/02\/26\/wie-ich-jesus-sah\/","title":{"rendered":"Wie ich Jesus sah"},"content":{"rendered":"<p>Wir wollen uns auf den Tag vorbereiten, wenn wir vor Gott stehen werden. Der Heilige Geist lehrt uns, nicht nur Jesus Herr zu nennen, sondern auch zu tun, was er sagt. Jesus fordert alles, aber er gibt auch alles.<\/p>\n<audio class=\"wp-audio-shortcode\" id=\"audio-2294-1\" preload=\"none\" style=\"width: 100%;\" controls=\"controls\"><source type=\"audio\/mpeg\" src=\"https:\/\/berliner-predigten.de\/dateien\/2020-02-26-Wie-ich-Jesus-sah.mp3?_=1\" \/><a href=\"https:\/\/berliner-predigten.de\/dateien\/2020-02-26-Wie-ich-Jesus-sah.mp3\">https:\/\/berliner-predigten.de\/dateien\/2020-02-26-Wie-ich-Jesus-sah.mp3<\/a><\/audio>\n<p><!--more--><\/p>\n<p><strong>Stichworte:<\/strong> kennst du Jesus? &#8211; Beten und Fasten &#8211; in Tiefen, in Leid, in Armut, Mangel und Krankheit &#8211; Jesus ganz anders kennenlernen &#8211; sich mit Jesus identifizieren &#8211; Gute-Nacht-Geschichten &#8211; Jesus als Mensch in Niedrigkeit &#8211; Jesus pers\u00f6nlich begegnen &#8211; wer ist dieser Mann? &#8211; <a href=\"https:\/\/berliner-predigten.de\/blog\/2018\/11\/04\/es-gibt-eine-heimat\/\" target=\"_blank\" rel=\"noopener noreferrer\">ich werde kein Fremdling dort sein<\/a> &#8211; kein Raum in der Herberge &#8211; der neue Perserteppich &#8211; Angst vor der Ewigkeit &#8211; wer steuert dein Leben? &#8211; kann Jesus sich bei dir wie zu Hause f\u00fchlen? &#8211; ist es wirklich wahr oder singen wir nur so? &#8211; ein Herr oder mein Herr &#8211; mitgekreuzigt sein &#8211; <a href=\"https:\/\/www.schlachterbibel.de\/de\/bibel\/hesekiel\/36\/26-28?hl=1#hl\" target=\"_blank\" rel=\"noopener noreferrer\">ich will meinen Geist in euer Inneres legen<\/a> &#8211; sich ent\u00e4u\u00dfern &#8211; alles loslassen &#8211; wenn du Jesus kennst, kannst du auf alles andere verzichten &#8211; <a href=\"https:\/\/www.schlachterbibel.de\/de\/bibel\/galater\/5\/22-23?hl=1#hl\" target=\"_blank\" rel=\"noopener noreferrer\">der Herr sucht Frucht<\/a> &#8211; den Fernseher ausschalten &#8211; Gef\u00e4lligkeiten zahlen sich nicht aus &#8211; ein Mantel f\u00fcr den Bettler &#8211; <a href=\"https:\/\/www.schlachterbibel.de\/de\/bibel\/markus\/14\/7\/?hl=1#hl\" target=\"_blank\" rel=\"noopener noreferrer\">ihr k\u00f6nnt den Armen helfen, wenn ihr wollt<\/a> &#8211; was ist der Wille Gottes &#8211; eine Beerdigung f\u00fcr den Brahmanen &#8211; Jesus \u00fcber die Grenzen tragen &#8211; Gottes Reich ist unsichtbar &#8211; ihr k\u00f6nnt nicht zwei Herren dienen &#8211; ein geteiltes Herz &#8211; Prinz, ich will dich haben &#8211; das Wollen und das Vollbringen &#8211; Gott pr\u00fcft dich, ob du bereit bist &#8211; die Zeit ist bitterernst &#8211; <a href=\"https:\/\/www.schlachterbibel.de\/de\/bibel\/maleachi\/1\/6-8?hl=1#hl\" target=\"_blank\" rel=\"noopener noreferrer\">wo ist meine Ehre<\/a> &#8211; Gehorsam ist mehr als Opfer &#8211; \u00fcberwinden &#8211; von Jesus ergriffen sein &#8211; die Zwirn-Christen<\/p>\n<p>Wer uns unterst\u00fctzen m\u00f6chte, kann dies hier tun: <a href=\"https:\/\/berliner-predigten.de\/blog\/spenden\/\" target=\"_blank\" rel=\"noopener noreferrer\">\u2665 Spenden \u2665<\/a><\/p>\n<p><em>Predigt herunterladen: <a href=\"https:\/\/berliner-predigten.de\/dateien\/2020-02-26-Wie-ich-Jesus-sah.mp3\" target=\"_blank\" rel=\"noopener noreferrer\">2020-02-26 Wie ich Jesus sah<\/a><\/em><\/p>\n<p><a href=\"https:\/\/berliner-predigten.de\/blog\/wp-content\/uploads\/2020\/02\/200226-wir-wollen-uns-auf-den-tag.jpg\" target=\"_blank\" rel=\"noopener noreferrer\"><img loading=\"lazy\" decoding=\"async\" class=\"alignnone wp-image-8008\" src=\"https:\/\/berliner-predigten.de\/blog\/wp-content\/uploads\/2020\/02\/200226-wir-wollen-uns-auf-den-tag.jpg\" alt=\"\" width=\"70\" height=\"70\" srcset=\"https:\/\/berliner-predigten.de\/blog\/wp-content\/uploads\/2020\/02\/200226-wir-wollen-uns-auf-den-tag.jpg 700w, https:\/\/berliner-predigten.de\/blog\/wp-content\/uploads\/2020\/02\/200226-wir-wollen-uns-auf-den-tag-300x300.jpg 300w, https:\/\/berliner-predigten.de\/blog\/wp-content\/uploads\/2020\/02\/200226-wir-wollen-uns-auf-den-tag-150x150.jpg 150w\" sizes=\"auto, (max-width: 70px) 100vw, 70px\" \/><\/a><\/p>\n","protected":false},"excerpt":{"rendered":"<p>Wir wollen uns auf den Tag vorbereiten, wenn wir vor Gott stehen werden. Der Heilige Geist lehrt uns, nicht nur Jesus Herr zu nennen, sondern auch zu tun, was er sagt. Jesus fordert alles, aber er gibt auch alles.<\/p>\n","protected":false},"author":2,"featured_media":2297,"comment_status":"open","ping_status":"closed","sticky":false,"template":"","format":"standard","meta":{"footnotes":""},"categories":[12,2],"tags":[550,109,539,549,208,783],"class_list":["post-2294","post","type-post","status-publish","format-standard","has-post-thumbnail","hentry","category-j-w-matutis","category-predigt","tag-ich","tag-jesus","tag-jesus-sehen","tag-sehen","tag-wie","tag-zwirn-christen","comments-off"],"_links":{"self":[{"href":"https:\/\/berliner-predigten.de\/blog\/wp-json\/wp\/v2\/posts\/2294","targetHints":{"allow":["GET"]}}],"collection":[{"href":"https:\/\/berliner-predigten.de\/blog\/wp-json\/wp\/v2\/posts"}],"about":[{"href":"https:\/\/berliner-predigten.de\/blog\/wp-json\/wp\/v2\/types\/post"}],"author":[{"embeddable":true,"href":"https:\/\/berliner-predigten.de\/blog\/wp-json\/wp\/v2\/users\/2"}],"replies":[{"embeddable":true,"href":"https:\/\/berliner-predigten.de\/blog\/wp-json\/wp\/v2\/comments?post=2294"}],"version-history":[{"count":7,"href":"https:\/\/berliner-predigten.de\/blog\/wp-json\/wp\/v2\/posts\/2294\/revisions"}],"predecessor-version":[{"id":8009,"href":"https:\/\/berliner-predigten.de\/blog\/wp-json\/wp\/v2\/posts\/2294\/revisions\/8009"}],"wp:featuredmedia":[{"embeddable":true,"href":"https:\/\/berliner-predigten.de\/blog\/wp-json\/wp\/v2\/media\/2297"}],"wp:attachment":[{"href":"https:\/\/berliner-predigten.de\/blog\/wp-json\/wp\/v2\/media?parent=2294"}],"wp:term":[{"taxonomy":"category","embeddable":true,"href":"https:\/\/berliner-predigten.de\/blog\/wp-json\/wp\/v2\/categories?post=2294"},{"taxonomy":"post_tag","embeddable":true,"href":"https:\/\/berliner-predigten.de\/blog\/wp-json\/wp\/v2\/tags?post=2294"}],"curies":[{"name":"wp","href":"https:\/\/api.w.org\/{rel}","templated":true}]}}