{"id":22806,"date":"2023-12-30T20:17:48","date_gmt":"2023-12-30T19:17:48","guid":{"rendered":"https:\/\/berliner-predigten.de\/blog\/?p=22806"},"modified":"2023-12-30T23:30:35","modified_gmt":"2023-12-30T22:30:35","slug":"lass-die-alten-schatten-zurueck","status":"publish","type":"post","link":"https:\/\/berliner-predigten.de\/blog\/2023\/12\/30\/lass-die-alten-schatten-zurueck\/","title":{"rendered":"Lass die alten Schatten zur\u00fcck"},"content":{"rendered":"<p>Wir sind Fremdlinge und G\u00e4ste in dieser Welt. Gott gab uns keinen R\u00fcckw\u00e4rtsgang. Wir sind hier, um unsere Probleme zu l\u00f6sen.<\/p>\n<audio class=\"wp-audio-shortcode\" id=\"audio-22806-1\" preload=\"none\" style=\"width: 100%;\" controls=\"controls\"><source type=\"audio\/mpeg\" src=\"https:\/\/berliner-predigten.de\/dateien\/2023-12-30-Lass-die-alten-Schatten-zurueck.mp3?_=1\" \/><a href=\"https:\/\/berliner-predigten.de\/dateien\/2023-12-30-Lass-die-alten-Schatten-zurueck.mp3\">https:\/\/berliner-predigten.de\/dateien\/2023-12-30-Lass-die-alten-Schatten-zurueck.mp3<\/a><\/audio>\n<p><!--more--><\/p>\n<div style=\"width: 640px;\" class=\"wp-video\"><video class=\"wp-video-shortcode\" id=\"video-22806-1\" width=\"640\" height=\"360\" preload=\"metadata\" controls=\"controls\"><source type=\"video\/mp4\" src=\"https:\/\/video-predigten.de\/2023\/231230-Lass-die-alten-Schatten-zurueck.mp4?_=1\" \/><a href=\"https:\/\/video-predigten.de\/2023\/231230-Lass-die-alten-Schatten-zurueck.mp4\">https:\/\/video-predigten.de\/2023\/231230-Lass-die-alten-Schatten-zurueck.mp4<\/a><\/video><\/div>\n<p><strong>Stichworte:<\/strong> Phantasien, Ideale und Tr\u00e4ume &#8211; alles zu einem harmonischen Abschluss zu bringen &#8211; unterwegs mit Jona nach Ninive &#8211; Gedanken zum neuen Jahr 2024 &#8211; das helle Licht des Evangeliums und die Herrlichkeit Gottes &#8211; das Beispiel des Froschk\u00f6nigs<\/p>\n<p>Sing mit: <a href=\"https:\/\/berliner-predigten.de\/blog\/2020\/01\/27\/wer-unter-dem-schutz-des-hoechsten-wohnt\/\" target=\"_blank\" rel=\"noopener\">Wer unter dem Schutz des H\u00f6chsten wohnt<\/a><\/p>\n<p>Wer uns unterst\u00fctzen m\u00f6chte, kann dies hier tun: <a href=\"https:\/\/berliner-predigten.de\/blog\/spenden\/\" target=\"_blank\" rel=\"noopener noreferrer\">\u2665 Spenden \u2665<\/a><\/p>\n<p><strong><em>Predigt herunterladen:<\/em><\/strong><br \/>\n<em>Audio <a href=\"https:\/\/berliner-predigten.de\/dateien\/2023-12-30-Lass-die-alten-Schatten-zurueck.mp3\" target=\"_blank\" rel=\"noopener noreferrer\">2023-12-30 Lass die alten Schatten zur\u00fcck<\/a><\/em><br \/>\n<em>Video <a href=\"https:\/\/video-predigten.de\/2023\/231230-Lass-die-alten-Schatten-zurueck.mp4\" target=\"_blank\" rel=\"noopener\">Lass die alten Schatten zur\u00fcck<\/a><\/em><\/p>\n<p><a href=\"https:\/\/berliner-predigten.de\/blog\/wp-content\/uploads\/2023\/12\/231230-wir-sind-fremdlinge-und-gaeste.webp\" target=\"_blank\" rel=\"noopener\"><img loading=\"lazy\" decoding=\"async\" class=\"alignnone wp-image-22815 size-medium\" src=\"https:\/\/berliner-predigten.de\/blog\/wp-content\/uploads\/2023\/12\/231230-wir-sind-fremdlinge-und-gaeste-300x300.webp\" alt=\"Wir sind Fremdlinge und G\u00e4ste in dieser Welt\" width=\"300\" height=\"300\" srcset=\"https:\/\/berliner-predigten.de\/blog\/wp-content\/uploads\/2023\/12\/231230-wir-sind-fremdlinge-und-gaeste-300x300.webp 300w, https:\/\/berliner-predigten.de\/blog\/wp-content\/uploads\/2023\/12\/231230-wir-sind-fremdlinge-und-gaeste-150x150.webp 150w, https:\/\/berliner-predigten.de\/blog\/wp-content\/uploads\/2023\/12\/231230-wir-sind-fremdlinge-und-gaeste-768x768.webp 768w, https:\/\/berliner-predigten.de\/blog\/wp-content\/uploads\/2023\/12\/231230-wir-sind-fremdlinge-und-gaeste.webp 949w\" sizes=\"auto, (max-width: 300px) 100vw, 300px\" \/><\/a><\/p>\n","protected":false},"excerpt":{"rendered":"<p>Wir sind Fremdlinge und G\u00e4ste in dieser Welt. Gott gab uns keinen R\u00fcckw\u00e4rtsgang. Wir sind hier, um unsere Probleme zu l\u00f6sen.<\/p>\n","protected":false},"author":2,"featured_media":22808,"comment_status":"closed","ping_status":"closed","sticky":false,"template":"","format":"standard","meta":{"footnotes":""},"categories":[12,2,1434],"tags":[2316,2318,2315,2100,2317],"class_list":["post-22806","post","type-post","status-publish","format-standard","has-post-thumbnail","hentry","category-j-w-matutis","category-predigt","category-video","tag-alte-schatten","tag-jona","tag-schatten","tag-zurueck","tag-zuruecklassen","comments-off"],"_links":{"self":[{"href":"https:\/\/berliner-predigten.de\/blog\/wp-json\/wp\/v2\/posts\/22806","targetHints":{"allow":["GET"]}}],"collection":[{"href":"https:\/\/berliner-predigten.de\/blog\/wp-json\/wp\/v2\/posts"}],"about":[{"href":"https:\/\/berliner-predigten.de\/blog\/wp-json\/wp\/v2\/types\/post"}],"author":[{"embeddable":true,"href":"https:\/\/berliner-predigten.de\/blog\/wp-json\/wp\/v2\/users\/2"}],"replies":[{"embeddable":true,"href":"https:\/\/berliner-predigten.de\/blog\/wp-json\/wp\/v2\/comments?post=22806"}],"version-history":[{"count":10,"href":"https:\/\/berliner-predigten.de\/blog\/wp-json\/wp\/v2\/posts\/22806\/revisions"}],"predecessor-version":[{"id":22819,"href":"https:\/\/berliner-predigten.de\/blog\/wp-json\/wp\/v2\/posts\/22806\/revisions\/22819"}],"wp:featuredmedia":[{"embeddable":true,"href":"https:\/\/berliner-predigten.de\/blog\/wp-json\/wp\/v2\/media\/22808"}],"wp:attachment":[{"href":"https:\/\/berliner-predigten.de\/blog\/wp-json\/wp\/v2\/media?parent=22806"}],"wp:term":[{"taxonomy":"category","embeddable":true,"href":"https:\/\/berliner-predigten.de\/blog\/wp-json\/wp\/v2\/categories?post=22806"},{"taxonomy":"post_tag","embeddable":true,"href":"https:\/\/berliner-predigten.de\/blog\/wp-json\/wp\/v2\/tags?post=22806"}],"curies":[{"name":"wp","href":"https:\/\/api.w.org\/{rel}","templated":true}]}}