{"id":21878,"date":"2023-09-29T18:48:39","date_gmt":"2023-09-29T16:48:39","guid":{"rendered":"https:\/\/berliner-predigten.de\/blog\/?p=21878"},"modified":"2023-09-29T23:20:39","modified_gmt":"2023-09-29T21:20:39","slug":"ist-gott-fair","status":"publish","type":"post","link":"https:\/\/berliner-predigten.de\/blog\/2023\/09\/29\/ist-gott-fair\/","title":{"rendered":"Ist Gott fair?"},"content":{"rendered":"<p>Gott m\u00f6chte unser Leben lenken. Was nicht gepredigt wird, versteht man nicht. Der moderne Mensch hat ein Problem mit Problemen. Deine Lebensn\u00f6te \u00f6ffnen die T\u00fcr f\u00fcr Gottes M\u00f6glichkeiten.<\/p>\n<audio class=\"wp-audio-shortcode\" id=\"audio-21878-1\" preload=\"none\" style=\"width: 100%;\" controls=\"controls\"><source type=\"audio\/mpeg\" src=\"https:\/\/berliner-predigten.de\/dateien\/2023-09-29-Ist-Gott-fair.mp3?_=1\" \/><a href=\"https:\/\/berliner-predigten.de\/dateien\/2023-09-29-Ist-Gott-fair.mp3\">https:\/\/berliner-predigten.de\/dateien\/2023-09-29-Ist-Gott-fair.mp3<\/a><\/audio>\n<p><!--more--><\/p>\n<div style=\"width: 640px;\" class=\"wp-video\"><video class=\"wp-video-shortcode\" id=\"video-21878-1\" width=\"640\" height=\"360\" preload=\"metadata\" controls=\"controls\"><source type=\"video\/mp4\" src=\"https:\/\/video-predigten.de\/2023\/230929-Ist-Gott-fair.mp4?_=1\" \/><a href=\"https:\/\/video-predigten.de\/2023\/230929-Ist-Gott-fair.mp4\">https:\/\/video-predigten.de\/2023\/230929-Ist-Gott-fair.mp4<\/a><\/video><\/div>\n<p><strong>Stichworte:<\/strong> wenn unsere Pl\u00e4ne wie Seifenblasen platzen &#8211; was nicht gepredigt wird, versteht man nicht &#8211; du sollst kein falsches Zeugnis reden &#8211; praktische Tipps, um mit dem Leben fertig zu werden &#8211; der verborgene Gott hat uns lieb und h\u00e4lt, was er verspricht<\/p>\n<p>Wer uns unterst\u00fctzen m\u00f6chte, kann dies hier tun: <a href=\"https:\/\/berliner-predigten.de\/blog\/spenden\/\" target=\"_blank\" rel=\"noopener noreferrer\">\u2665 Spenden \u2665<\/a><\/p>\n<p><strong><em>Predigt herunterladen:<\/em><\/strong><br \/>\n<em>Audio <a href=\"https:\/\/berliner-predigten.de\/dateien\/2023-09-29-Ist-Gott-fair.mp3\" target=\"_blank\" rel=\"noopener noreferrer\">2023-09-29 Ist Gott fair?<\/a><\/em><br \/>\n<em>Video <a href=\"https:\/\/video-predigten.de\/2023\/230929-Ist-Gott-fair.mp4\" target=\"_blank\" rel=\"noopener\">Ist Gott fair?<\/a><\/em><\/p>\n<p><a href=\"https:\/\/berliner-predigten.de\/blog\/wp-content\/uploads\/2023\/09\/230929-gott-moechte-unser-leben-lenken.webp\" target=\"_blank\" rel=\"noopener\"><img loading=\"lazy\" decoding=\"async\" class=\"alignnone wp-image-21886 size-medium\" src=\"https:\/\/berliner-predigten.de\/blog\/wp-content\/uploads\/2023\/09\/230929-gott-moechte-unser-leben-lenken-300x300.webp\" alt=\"Gott m\u00f6chte unser Leben lenken\" width=\"300\" height=\"300\" srcset=\"https:\/\/berliner-predigten.de\/blog\/wp-content\/uploads\/2023\/09\/230929-gott-moechte-unser-leben-lenken-300x300.webp 300w, https:\/\/berliner-predigten.de\/blog\/wp-content\/uploads\/2023\/09\/230929-gott-moechte-unser-leben-lenken-150x150.webp 150w, https:\/\/berliner-predigten.de\/blog\/wp-content\/uploads\/2023\/09\/230929-gott-moechte-unser-leben-lenken-768x768.webp 768w, https:\/\/berliner-predigten.de\/blog\/wp-content\/uploads\/2023\/09\/230929-gott-moechte-unser-leben-lenken.webp 949w\" sizes=\"auto, (max-width: 300px) 100vw, 300px\" \/><\/a><\/p>\n","protected":false},"excerpt":{"rendered":"<p>Gott m\u00f6chte unser Leben lenken. Was nicht gepredigt wird, versteht man nicht. Der moderne Mensch hat ein Problem mit Problemen. Deine Lebensn\u00f6te \u00f6ffnen die T\u00fcr f\u00fcr Gottes M\u00f6glichkeiten.<\/p>\n","protected":false},"author":2,"featured_media":21880,"comment_status":"open","ping_status":"closed","sticky":false,"template":"","format":"standard","meta":{"footnotes":""},"categories":[12,2,1434],"tags":[2245,1860,182,747],"class_list":["post-21878","post","type-post","status-publish","format-standard","has-post-thumbnail","hentry","category-j-w-matutis","category-predigt","category-video","tag-fair","tag-gerecht","tag-gott-ist","tag-seifenblasen","comments-off"],"_links":{"self":[{"href":"https:\/\/berliner-predigten.de\/blog\/wp-json\/wp\/v2\/posts\/21878","targetHints":{"allow":["GET"]}}],"collection":[{"href":"https:\/\/berliner-predigten.de\/blog\/wp-json\/wp\/v2\/posts"}],"about":[{"href":"https:\/\/berliner-predigten.de\/blog\/wp-json\/wp\/v2\/types\/post"}],"author":[{"embeddable":true,"href":"https:\/\/berliner-predigten.de\/blog\/wp-json\/wp\/v2\/users\/2"}],"replies":[{"embeddable":true,"href":"https:\/\/berliner-predigten.de\/blog\/wp-json\/wp\/v2\/comments?post=21878"}],"version-history":[{"count":8,"href":"https:\/\/berliner-predigten.de\/blog\/wp-json\/wp\/v2\/posts\/21878\/revisions"}],"predecessor-version":[{"id":21891,"href":"https:\/\/berliner-predigten.de\/blog\/wp-json\/wp\/v2\/posts\/21878\/revisions\/21891"}],"wp:featuredmedia":[{"embeddable":true,"href":"https:\/\/berliner-predigten.de\/blog\/wp-json\/wp\/v2\/media\/21880"}],"wp:attachment":[{"href":"https:\/\/berliner-predigten.de\/blog\/wp-json\/wp\/v2\/media?parent=21878"}],"wp:term":[{"taxonomy":"category","embeddable":true,"href":"https:\/\/berliner-predigten.de\/blog\/wp-json\/wp\/v2\/categories?post=21878"},{"taxonomy":"post_tag","embeddable":true,"href":"https:\/\/berliner-predigten.de\/blog\/wp-json\/wp\/v2\/tags?post=21878"}],"curies":[{"name":"wp","href":"https:\/\/api.w.org\/{rel}","templated":true}]}}