{"id":2072,"date":"2020-02-10T10:30:03","date_gmt":"2020-02-10T09:30:03","guid":{"rendered":"https:\/\/berliner-predigten.de\/blog\/?p=2072"},"modified":"2020-02-25T15:21:31","modified_gmt":"2020-02-25T14:21:31","slug":"themen-der-woche-2020-07","status":"publish","type":"post","link":"https:\/\/berliner-predigten.de\/blog\/2020\/02\/10\/themen-der-woche-2020-07\/","title":{"rendered":"Themen der Woche 2020\/07"},"content":{"rendered":"<p>Die Themen f\u00fcr die Woche 2020\/07 im <a href=\"https:\/\/www.gemeindezentrum.berlin\/\" target=\"_blank\" rel=\"noopener noreferrer\">Gemeinde-Zentrum<\/a> &#8211; komm vorbei oder h\u00f6re Pastor Matutis im Internet (jeweils 2 Stunden sp\u00e4ter).<\/p>\n<p>Mittwoch, 12. Februar 2020, 16 Uhr:<br \/>\n<a href=\"https:\/\/berliner-predigten.de\/blog\/2020\/02\/12\/machst-du-fortschritte\/\"><strong>Machst du Fortschritte?<\/strong><\/a><\/p>\n<p>Freitag, 14. Februar 2020, 19 Uhr:<br \/>\n<strong><a href=\"https:\/\/berliner-predigten.de\/blog\/2020\/02\/14\/sprich-worte-der-ermutigung\/\">Sprich Worte der Ermutigung<\/a><br \/>\n<\/strong><\/p>\n<p>Samstag, 15. Februar 2020, 19 Uhr:<br \/>\n<strong><a href=\"https:\/\/berliner-predigten.de\/blog\/2020\/02\/15\/du-bist-fuer-den-thron-bestimmt\/\">Du bist f\u00fcr den Thron bestimmt<\/a><br \/>\n<\/strong><\/p>\n<p>Sonntag, 16. Februar 2020, 10 Uhr:<br \/>\n<a href=\"https:\/\/berliner-predigten.de\/blog\/2020\/02\/16\/was-hindert-dich-im-glauben\/\"><strong>Was hindert dich im Glauben?<\/strong><\/a><\/p>\n<p><!--more--><\/p>\n<hr \/>\n<p><a href=\"https:\/\/berliner-predigten.de\/\" target=\"_blank\" rel=\"noopener noreferrer\"><img loading=\"lazy\" decoding=\"async\" class=\"alignnone wp-image-1845 size-full\" src=\"https:\/\/berliner-predigten.de\/blog\/wp-content\/uploads\/2020\/01\/berliner-predigten-728x90-januar2020.jpg\" alt=\"\" width=\"728\" height=\"90\" srcset=\"https:\/\/berliner-predigten.de\/blog\/wp-content\/uploads\/2020\/01\/berliner-predigten-728x90-januar2020.jpg 728w, https:\/\/berliner-predigten.de\/blog\/wp-content\/uploads\/2020\/01\/berliner-predigten-728x90-januar2020-300x37.jpg 300w\" sizes=\"auto, (max-width: 728px) 100vw, 728px\" \/><\/a><\/p>\n<p>Wir werben zur Zeit im Internet f\u00fcr unsere Predigtseite berliner-predigten.de. Die Anzeigen erscheinen im gesamten deutschsprachigen Raum. Sie kosten viel Geld, f\u00fcr <a href=\"https:\/\/berliner-predigten.de\/blog\/spenden\/\">Spenden<\/a> sind wir dankbar. Bitte betet daf\u00fcr, da\u00df recht viele Menschen darauf sto\u00dfen und <a href=\"https:\/\/berliner-predigten.de\/blog\/2020\/01\/22\/berliner-predigten\/\">die Predigten finden, h\u00f6ren und gesegnet werden.<\/a> Danke!<\/p>\n","protected":false},"excerpt":{"rendered":"<p>Die Themen f\u00fcr die Woche 2020\/07 im Gemeinde-Zentrum &#8211; komm vorbei oder h\u00f6re Pastor Matutis im Internet (jeweils 2 Stunden sp\u00e4ter). Mittwoch, 12. Februar 2020, 16 Uhr: Machst du Fortschritte? Freitag, 14. Februar 2020, 19 Uhr: Sprich Worte der Ermutigung Samstag, 15. Februar 2020, 19 Uhr: Du bist f\u00fcr den Thron bestimmt Sonntag, 16. Februar 2020, 10 Uhr: Was hindert dich im Glauben?<\/p>\n","protected":false},"author":2,"featured_media":2073,"comment_status":"open","ping_status":"open","sticky":false,"template":"","format":"standard","meta":{"footnotes":""},"categories":[3],"tags":[],"class_list":["post-2072","post","type-post","status-publish","format-standard","has-post-thumbnail","hentry","category-termine-und-themen","comments-off"],"_links":{"self":[{"href":"https:\/\/berliner-predigten.de\/blog\/wp-json\/wp\/v2\/posts\/2072","targetHints":{"allow":["GET"]}}],"collection":[{"href":"https:\/\/berliner-predigten.de\/blog\/wp-json\/wp\/v2\/posts"}],"about":[{"href":"https:\/\/berliner-predigten.de\/blog\/wp-json\/wp\/v2\/types\/post"}],"author":[{"embeddable":true,"href":"https:\/\/berliner-predigten.de\/blog\/wp-json\/wp\/v2\/users\/2"}],"replies":[{"embeddable":true,"href":"https:\/\/berliner-predigten.de\/blog\/wp-json\/wp\/v2\/comments?post=2072"}],"version-history":[{"count":10,"href":"https:\/\/berliner-predigten.de\/blog\/wp-json\/wp\/v2\/posts\/2072\/revisions"}],"predecessor-version":[{"id":2134,"href":"https:\/\/berliner-predigten.de\/blog\/wp-json\/wp\/v2\/posts\/2072\/revisions\/2134"}],"wp:featuredmedia":[{"embeddable":true,"href":"https:\/\/berliner-predigten.de\/blog\/wp-json\/wp\/v2\/media\/2073"}],"wp:attachment":[{"href":"https:\/\/berliner-predigten.de\/blog\/wp-json\/wp\/v2\/media?parent=2072"}],"wp:term":[{"taxonomy":"category","embeddable":true,"href":"https:\/\/berliner-predigten.de\/blog\/wp-json\/wp\/v2\/categories?post=2072"},{"taxonomy":"post_tag","embeddable":true,"href":"https:\/\/berliner-predigten.de\/blog\/wp-json\/wp\/v2\/tags?post=2072"}],"curies":[{"name":"wp","href":"https:\/\/api.w.org\/{rel}","templated":true}]}}