{"id":20309,"date":"2023-05-03T17:38:37","date_gmt":"2023-05-03T15:38:37","guid":{"rendered":"https:\/\/berliner-predigten.de\/blog\/?p=20309"},"modified":"2023-05-03T21:57:22","modified_gmt":"2023-05-03T19:57:22","slug":"in-angst-oder-in-frieden-leben","status":"publish","type":"post","link":"https:\/\/berliner-predigten.de\/blog\/2023\/05\/03\/in-angst-oder-in-frieden-leben\/","title":{"rendered":"In Angst oder in Frieden leben"},"content":{"rendered":"<p>In der Ewigkeit werden die Familien zusammengef\u00fchrt. Je mehr Not in deinem Leben ist, desto gr\u00f6\u00dfer wird die Herrlichkeit sein. Was braucht der Mensch, um in den Himmel zu kommen?<\/p>\n<audio class=\"wp-audio-shortcode\" id=\"audio-20309-1\" preload=\"none\" style=\"width: 100%;\" controls=\"controls\"><source type=\"audio\/mpeg\" src=\"https:\/\/berliner-predigten.de\/dateien\/2023-05-03-In-Angst-oder-in-Frieden-leben.mp3?_=1\" \/><a href=\"https:\/\/berliner-predigten.de\/dateien\/2023-05-03-In-Angst-oder-in-Frieden-leben.mp3\">https:\/\/berliner-predigten.de\/dateien\/2023-05-03-In-Angst-oder-in-Frieden-leben.mp3<\/a><\/audio>\n<p><!--more--><\/p>\n<div style=\"width: 640px;\" class=\"wp-video\"><video class=\"wp-video-shortcode\" id=\"video-20309-1\" width=\"640\" height=\"360\" preload=\"metadata\" controls=\"controls\"><source type=\"video\/mp4\" src=\"https:\/\/video-predigten.de\/2023\/230503-In-Angst-oder-in-Frieden-leben.mp4?_=1\" \/><a href=\"https:\/\/video-predigten.de\/2023\/230503-In-Angst-oder-in-Frieden-leben.mp4\">https:\/\/video-predigten.de\/2023\/230503-In-Angst-oder-in-Frieden-leben.mp4<\/a><\/video><\/div>\n<p><strong>Stichworte:<\/strong> Gott wird eines Tages alle Tr\u00e4nen abwischen &#8211; die Toten wissen mehr als die Lebendigen &#8211; durch viel Tr\u00fcbsal &#8211; nur noch Gott und sonst gar nichts &#8211; wie Gott dich erl\u00f6sen wird &#8211; durch Gottes Gnade ist unsere Zukunft abgesichert &#8211; wie man wieder die Orientierung im Leben findet &#8211; <a href=\"https:\/\/christliche-gedichte.de\/beitrag.php?pg=10463\" target=\"_blank\" rel=\"noopener\"><span style=\"font-size: large;\">suche vom Grabesrand Seelen zu retten!<\/span><\/a> &#8211; ein Gebet f\u00fcr Menschen, die in Angst und Unfrieden leben<\/p>\n<p>Wer uns unterst\u00fctzen m\u00f6chte, kann dies hier tun: <a href=\"https:\/\/berliner-predigten.de\/blog\/spenden\/\" target=\"_blank\" rel=\"noopener noreferrer\">\u2665 Spenden \u2665<\/a><\/p>\n<p><strong><em>Predigt herunterladen:<\/em><\/strong><br \/>\n<em>Audio <a href=\"https:\/\/berliner-predigten.de\/dateien\/2023-05-03-In-Angst-oder-in-Frieden-leben.mp3\" target=\"_blank\" rel=\"noopener noreferrer\">2023-05-03 In Angst oder in Frieden leben<\/a><\/em><br \/>\n<em>Video <a href=\"https:\/\/video-predigten.de\/2023\/230503-In-Angst-oder-in-Frieden-leben.mp4\" target=\"_blank\" rel=\"noopener\">In Angst oder in Frieden leben<\/a><\/em><\/p>\n<p><a href=\"https:\/\/berliner-predigten.de\/blog\/wp-content\/uploads\/2023\/05\/230503-in-der-ewigkeit-werde-die-familien-zusammengefuegt.webp\" target=\"_blank\" rel=\"noopener\"><img loading=\"lazy\" decoding=\"async\" class=\"alignnone wp-image-20324 size-medium\" src=\"https:\/\/berliner-predigten.de\/blog\/wp-content\/uploads\/2023\/05\/230503-in-der-ewigkeit-werde-die-familien-zusammengefuegt-300x300.webp\" alt=\"In der Ewigkeit werden die Familien zusammengef\u00fchrt\" width=\"300\" height=\"300\" srcset=\"https:\/\/berliner-predigten.de\/blog\/wp-content\/uploads\/2023\/05\/230503-in-der-ewigkeit-werde-die-familien-zusammengefuegt-300x300.webp 300w, https:\/\/berliner-predigten.de\/blog\/wp-content\/uploads\/2023\/05\/230503-in-der-ewigkeit-werde-die-familien-zusammengefuegt-150x150.webp 150w, https:\/\/berliner-predigten.de\/blog\/wp-content\/uploads\/2023\/05\/230503-in-der-ewigkeit-werde-die-familien-zusammengefuegt-768x768.webp 768w, https:\/\/berliner-predigten.de\/blog\/wp-content\/uploads\/2023\/05\/230503-in-der-ewigkeit-werde-die-familien-zusammengefuegt.webp 949w\" sizes=\"auto, (max-width: 300px) 100vw, 300px\" \/><\/a><\/p>\n","protected":false},"excerpt":{"rendered":"<p>In der Ewigkeit werden die Familien zusammengef\u00fchrt. Je mehr Not in deinem Leben ist, desto gr\u00f6\u00dfer wird die Herrlichkeit sein. Was braucht der Mensch, um in den Himmel zu kommen?<\/p>\n","protected":false},"author":2,"featured_media":20311,"comment_status":"open","ping_status":"closed","sticky":false,"template":"","format":"standard","meta":{"footnotes":""},"categories":[12,2,1434],"tags":[613,60,2107,2108,37],"class_list":["post-20309","post","type-post","status-publish","format-standard","has-post-thumbnail","hentry","category-j-w-matutis","category-predigt","category-video","tag-angst","tag-frieden","tag-in-angst","tag-in-frieden","tag-leben","comments-off"],"_links":{"self":[{"href":"https:\/\/berliner-predigten.de\/blog\/wp-json\/wp\/v2\/posts\/20309","targetHints":{"allow":["GET"]}}],"collection":[{"href":"https:\/\/berliner-predigten.de\/blog\/wp-json\/wp\/v2\/posts"}],"about":[{"href":"https:\/\/berliner-predigten.de\/blog\/wp-json\/wp\/v2\/types\/post"}],"author":[{"embeddable":true,"href":"https:\/\/berliner-predigten.de\/blog\/wp-json\/wp\/v2\/users\/2"}],"replies":[{"embeddable":true,"href":"https:\/\/berliner-predigten.de\/blog\/wp-json\/wp\/v2\/comments?post=20309"}],"version-history":[{"count":14,"href":"https:\/\/berliner-predigten.de\/blog\/wp-json\/wp\/v2\/posts\/20309\/revisions"}],"predecessor-version":[{"id":20327,"href":"https:\/\/berliner-predigten.de\/blog\/wp-json\/wp\/v2\/posts\/20309\/revisions\/20327"}],"wp:featuredmedia":[{"embeddable":true,"href":"https:\/\/berliner-predigten.de\/blog\/wp-json\/wp\/v2\/media\/20311"}],"wp:attachment":[{"href":"https:\/\/berliner-predigten.de\/blog\/wp-json\/wp\/v2\/media?parent=20309"}],"wp:term":[{"taxonomy":"category","embeddable":true,"href":"https:\/\/berliner-predigten.de\/blog\/wp-json\/wp\/v2\/categories?post=20309"},{"taxonomy":"post_tag","embeddable":true,"href":"https:\/\/berliner-predigten.de\/blog\/wp-json\/wp\/v2\/tags?post=20309"}],"curies":[{"name":"wp","href":"https:\/\/api.w.org\/{rel}","templated":true}]}}