{"id":19813,"date":"2023-02-17T20:05:25","date_gmt":"2023-02-17T19:05:25","guid":{"rendered":"https:\/\/berliner-predigten.de\/blog\/?p=19813"},"modified":"2023-02-17T22:55:45","modified_gmt":"2023-02-17T21:55:45","slug":"heilung-innerer-verletzungen","status":"publish","type":"post","link":"https:\/\/berliner-predigten.de\/blog\/2023\/02\/17\/heilung-innerer-verletzungen\/","title":{"rendered":"Heilung innerer Verletzungen"},"content":{"rendered":"<p>Der innere Mensch leidet am allermeisten. Deine inneren Verletzungen haben einen h\u00f6heren Sinn und Zweck. Wie wird man mit Missbrauch und Misshandlungen fertig?<\/p>\n<audio class=\"wp-audio-shortcode\" id=\"audio-19813-1\" preload=\"none\" style=\"width: 100%;\" controls=\"controls\"><source type=\"audio\/mpeg\" src=\"https:\/\/berliner-predigten.de\/dateien\/2023-02-17-Heilung-innerer-Verletzungen.mp3?_=1\" \/><a href=\"https:\/\/berliner-predigten.de\/dateien\/2023-02-17-Heilung-innerer-Verletzungen.mp3\">https:\/\/berliner-predigten.de\/dateien\/2023-02-17-Heilung-innerer-Verletzungen.mp3<\/a><\/audio>\n<p><!--more--><\/p>\n<div style=\"width: 640px;\" class=\"wp-video\"><video class=\"wp-video-shortcode\" id=\"video-19813-1\" width=\"640\" height=\"360\" preload=\"metadata\" controls=\"controls\"><source type=\"video\/mp4\" src=\"https:\/\/video-predigten.de\/2023\/230217-Heilung-innerer-Verletzungen.mp4?_=1\" \/><a href=\"https:\/\/video-predigten.de\/2023\/230217-Heilung-innerer-Verletzungen.mp4\">https:\/\/video-predigten.de\/2023\/230217-Heilung-innerer-Verletzungen.mp4<\/a><\/video><\/div>\n<p><strong>Stichworte:<\/strong> was dir passiert, passiert allen Menschen &#8211; verw\u00f6hnt, verweichlicht, verz\u00e4rtelt &#8211; wenn das Innenleben unaufger\u00e4umt und verk\u00fcmmert ist &#8211; <a href=\"https:\/\/www.schlachterbibel.de\/de\/bibel\/roemer\/2\/28-29?hl=1#hl\" target=\"_blank\" rel=\"noopener\">Gottes Anerkennung<\/a> &#8211; wie innere Heilung funktioniert &#8211; die Tr\u00e4nen des Kautschukbaumes sind die Ernte &#8211; Qualit\u00e4t kommt von Qual &#8211; alles annehmen und Gott daf\u00fcr danken k\u00f6nnen &#8211; Judas oder Petrus &#8211; dir geht es so wie es deiner Seele geht &#8211; <a href=\"https:\/\/www.schlachterbibel.de\/de\/bibel\/johannes\/14\/27?hl=1#hl\" target=\"_blank\" rel=\"noopener\">meinen Frieden gebe ich euch<\/a> &#8211; die Hilfe des Heiligen Geistes &#8211; ist deine Vergangenheit schon vergeben, erledigt und abgehakt?<\/p>\n<p>Wer uns unterst\u00fctzen m\u00f6chte, kann dies hier tun: <a href=\"https:\/\/berliner-predigten.de\/blog\/spenden\/\" target=\"_blank\" rel=\"noopener noreferrer\">\u2665 Spenden \u2665<\/a><\/p>\n<p><strong><em>Predigt herunterladen:<\/em><\/strong><br \/>\n<em>Audio <a href=\"https:\/\/berliner-predigten.de\/dateien\/2023-02-17-Heilung-innerer-Verletzungen.mp3\" target=\"_blank\" rel=\"noopener noreferrer\">2023-02-17 Heilung innerer Verletzungen<\/a><\/em><br \/>\n<em>Video <a href=\"https:\/\/video-predigten.de\/2023\/230217-Heilung-innerer-Verletzungen.mp4\" target=\"_blank\" rel=\"noopener\">Heilung innerer Verletzungen<\/a><\/em><\/p>\n<p><a href=\"https:\/\/berliner-predigten.de\/blog\/wp-content\/uploads\/2023\/02\/230217-der-innere-mensch-leidet-am-allermeisten.webp\" target=\"_blank\" rel=\"noopener\"><img loading=\"lazy\" decoding=\"async\" class=\"alignnone wp-image-19826 size-medium\" src=\"https:\/\/berliner-predigten.de\/blog\/wp-content\/uploads\/2023\/02\/230217-der-innere-mensch-leidet-am-allermeisten-300x300.webp\" alt=\"Der innere Mensch leidet am allermeisten\" width=\"300\" height=\"300\" srcset=\"https:\/\/berliner-predigten.de\/blog\/wp-content\/uploads\/2023\/02\/230217-der-innere-mensch-leidet-am-allermeisten-300x300.webp 300w, https:\/\/berliner-predigten.de\/blog\/wp-content\/uploads\/2023\/02\/230217-der-innere-mensch-leidet-am-allermeisten-150x150.webp 150w, https:\/\/berliner-predigten.de\/blog\/wp-content\/uploads\/2023\/02\/230217-der-innere-mensch-leidet-am-allermeisten-768x768.webp 768w, https:\/\/berliner-predigten.de\/blog\/wp-content\/uploads\/2023\/02\/230217-der-innere-mensch-leidet-am-allermeisten.webp 949w\" sizes=\"auto, (max-width: 300px) 100vw, 300px\" \/><\/a><\/p>\n","protected":false},"excerpt":{"rendered":"<p>Der innere Mensch leidet am allermeisten. Deine inneren Verletzungen haben einen h\u00f6heren Sinn und Zweck. Wie wird man mit Missbrauch und Misshandlungen fertig?<\/p>\n","protected":false},"author":2,"featured_media":19814,"comment_status":"open","ping_status":"closed","sticky":false,"template":"","format":"standard","meta":{"footnotes":""},"categories":[12,2,1434],"tags":[47,475,2038,890,164,1584],"class_list":["post-19813","post","type-post","status-publish","format-standard","has-post-thumbnail","hentry","category-j-w-matutis","category-predigt","category-video","tag-heilung","tag-heilung-deiner-seele","tag-innere-heilung","tag-suendenvergebung","tag-vergebung","tag-verletzungen","comments-off"],"_links":{"self":[{"href":"https:\/\/berliner-predigten.de\/blog\/wp-json\/wp\/v2\/posts\/19813","targetHints":{"allow":["GET"]}}],"collection":[{"href":"https:\/\/berliner-predigten.de\/blog\/wp-json\/wp\/v2\/posts"}],"about":[{"href":"https:\/\/berliner-predigten.de\/blog\/wp-json\/wp\/v2\/types\/post"}],"author":[{"embeddable":true,"href":"https:\/\/berliner-predigten.de\/blog\/wp-json\/wp\/v2\/users\/2"}],"replies":[{"embeddable":true,"href":"https:\/\/berliner-predigten.de\/blog\/wp-json\/wp\/v2\/comments?post=19813"}],"version-history":[{"count":19,"href":"https:\/\/berliner-predigten.de\/blog\/wp-json\/wp\/v2\/posts\/19813\/revisions"}],"predecessor-version":[{"id":19835,"href":"https:\/\/berliner-predigten.de\/blog\/wp-json\/wp\/v2\/posts\/19813\/revisions\/19835"}],"wp:featuredmedia":[{"embeddable":true,"href":"https:\/\/berliner-predigten.de\/blog\/wp-json\/wp\/v2\/media\/19814"}],"wp:attachment":[{"href":"https:\/\/berliner-predigten.de\/blog\/wp-json\/wp\/v2\/media?parent=19813"}],"wp:term":[{"taxonomy":"category","embeddable":true,"href":"https:\/\/berliner-predigten.de\/blog\/wp-json\/wp\/v2\/categories?post=19813"},{"taxonomy":"post_tag","embeddable":true,"href":"https:\/\/berliner-predigten.de\/blog\/wp-json\/wp\/v2\/tags?post=19813"}],"curies":[{"name":"wp","href":"https:\/\/api.w.org\/{rel}","templated":true}]}}