{"id":19549,"date":"2023-01-15T15:35:36","date_gmt":"2023-01-15T14:35:36","guid":{"rendered":"https:\/\/berliner-predigten.de\/blog\/?p=19549"},"modified":"2023-01-22T11:18:22","modified_gmt":"2023-01-22T10:18:22","slug":"themen-der-woche-2023-03","status":"publish","type":"post","link":"https:\/\/berliner-predigten.de\/blog\/2023\/01\/15\/themen-der-woche-2023-03\/","title":{"rendered":"Themen der Woche 2023\/03"},"content":{"rendered":"<p>Die Themen f\u00fcr die Woche 2023\/03 im <a href=\"https:\/\/gemeindezentrum.berlin\/\" target=\"_blank\" rel=\"noopener noreferrer\">Gemeinde-Zentrum<\/a> \u2013 komm vorbei oder h\u00f6re <a href=\"https:\/\/www.facebook.com\/johannes.matutis\" target=\"_blank\" rel=\"noopener\">Pastor Joh. W. Matutis<\/a> im Internet (jeweils 2 Stunden sp\u00e4ter).<\/p>\n<p>Mittwoch, 18. Januar 2023, 16 Uhr:<br \/>\n<a href=\"https:\/\/berliner-predigten.de\/blog\/2023\/01\/18\/schau-nicht-auf-deine-gefuehle\/\"><strong>Schau nicht auf deine Gef\u00fchle<\/strong><\/a><\/p>\n<p>Freitag, 20. Januar 2023, 19 Uhr:<br \/>\n<a href=\"https:\/\/berliner-predigten.de\/blog\/2023\/01\/20\/lebe-unter-dem-segen\/\"><strong>Lebe unter dem Segen<\/strong><\/a><\/p>\n<p>Samstag, 21. Januar 2023, 19 Uhr:<br \/>\n<a href=\"https:\/\/berliner-predigten.de\/blog\/2023\/01\/21\/wozu-brauche-ich-den-heiligen-geist\/\"><strong>Wozu brauche ich den Heiligen Geist?<\/strong><\/a><\/p>\n<p>Sonntag, 22. Januar 2023, 10 Uhr:<br \/>\n<a href=\"https:\/\/berliner-predigten.de\/blog\/2023\/01\/22\/bleibe-fest-und-unerschuetterlich\/\"><strong>Bleibe fest und unersch\u00fctterlich<\/strong><\/a><\/p>\n","protected":false},"excerpt":{"rendered":"<p>Die Themen f\u00fcr die Woche 2023\/03 im Gemeinde-Zentrum \u2013 komm vorbei oder h\u00f6re Pastor Joh. W. Matutis im Internet (jeweils 2 Stunden sp\u00e4ter). Mittwoch, 18. Januar 2023, 16 Uhr: Schau nicht auf deine Gef\u00fchle Freitag, 20. Januar 2023, 19 Uhr: Lebe unter dem Segen Samstag, 21. Januar 2023, 19 Uhr: Wozu brauche ich den Heiligen Geist? Sonntag, 22. Januar 2023, 10 Uhr: Bleibe fest und unersch\u00fctterlich<\/p>\n","protected":false},"author":2,"featured_media":19550,"comment_status":"open","ping_status":"open","sticky":false,"template":"","format":"standard","meta":{"footnotes":""},"categories":[3],"tags":[],"class_list":["post-19549","post","type-post","status-publish","format-standard","has-post-thumbnail","hentry","category-termine-und-themen","comments-off"],"_links":{"self":[{"href":"https:\/\/berliner-predigten.de\/blog\/wp-json\/wp\/v2\/posts\/19549","targetHints":{"allow":["GET"]}}],"collection":[{"href":"https:\/\/berliner-predigten.de\/blog\/wp-json\/wp\/v2\/posts"}],"about":[{"href":"https:\/\/berliner-predigten.de\/blog\/wp-json\/wp\/v2\/types\/post"}],"author":[{"embeddable":true,"href":"https:\/\/berliner-predigten.de\/blog\/wp-json\/wp\/v2\/users\/2"}],"replies":[{"embeddable":true,"href":"https:\/\/berliner-predigten.de\/blog\/wp-json\/wp\/v2\/comments?post=19549"}],"version-history":[{"count":5,"href":"https:\/\/berliner-predigten.de\/blog\/wp-json\/wp\/v2\/posts\/19549\/revisions"}],"predecessor-version":[{"id":19624,"href":"https:\/\/berliner-predigten.de\/blog\/wp-json\/wp\/v2\/posts\/19549\/revisions\/19624"}],"wp:featuredmedia":[{"embeddable":true,"href":"https:\/\/berliner-predigten.de\/blog\/wp-json\/wp\/v2\/media\/19550"}],"wp:attachment":[{"href":"https:\/\/berliner-predigten.de\/blog\/wp-json\/wp\/v2\/media?parent=19549"}],"wp:term":[{"taxonomy":"category","embeddable":true,"href":"https:\/\/berliner-predigten.de\/blog\/wp-json\/wp\/v2\/categories?post=19549"},{"taxonomy":"post_tag","embeddable":true,"href":"https:\/\/berliner-predigten.de\/blog\/wp-json\/wp\/v2\/tags?post=19549"}],"curies":[{"name":"wp","href":"https:\/\/api.w.org\/{rel}","templated":true}]}}