{"id":18323,"date":"2022-11-06T12:51:18","date_gmt":"2022-11-06T11:51:18","guid":{"rendered":"https:\/\/berliner-predigten.de\/blog\/?p=18323"},"modified":"2022-11-13T11:18:36","modified_gmt":"2022-11-13T10:18:36","slug":"themen-der-woche-2022-45","status":"publish","type":"post","link":"https:\/\/berliner-predigten.de\/blog\/2022\/11\/06\/themen-der-woche-2022-45\/","title":{"rendered":"Themen der Woche 2022\/45"},"content":{"rendered":"<p>Die Themen f\u00fcr die Woche 2022\/45 im <a href=\"https:\/\/gemeindezentrum.berlin\/\" target=\"_blank\" rel=\"noopener noreferrer\">Gemeinde-Zentrum<\/a> \u2013 komm vorbei oder h\u00f6re <a href=\"https:\/\/www.facebook.com\/johannes.matutis\" target=\"_blank\" rel=\"noopener\">Pastor Joh. W. Matutis<\/a> im Internet (jeweils 2 Stunden sp\u00e4ter).<\/p>\n<p>Mittwoch, 9. November 2022, 16 Uhr:<br \/>\n<a href=\"https:\/\/berliner-predigten.de\/blog\/2022\/11\/09\/bleibt-in-der-versammlung\/\"><strong>Bleibt in der Versammlung<\/strong><\/a><\/p>\n<p>Freitag, 11. November 2022, 19 Uhr:<br \/>\n<a href=\"https:\/\/berliner-predigten.de\/blog\/2022\/11\/11\/der-bewaehrte-glaube\/\"><strong>Der bew\u00e4hrte Glaube<\/strong><\/a><\/p>\n<p>Samstag, 12. November 2022, 19 Uhr:<br \/>\n<a href=\"https:\/\/berliner-predigten.de\/blog\/2022\/11\/12\/klammer-dich-an-gott\/\"><strong>Klammer dich an Gott<\/strong><\/a><\/p>\n<p>Sonntag, 13. November 2022, 10 Uhr:<br \/>\n<a href=\"https:\/\/berliner-predigten.de\/blog\/2022\/11\/13\/hoere-auf-gott\/\"><strong>H\u00f6re auf Gott<\/strong><\/a><\/p>\n","protected":false},"excerpt":{"rendered":"<p>Die Themen f\u00fcr die Woche 2022\/45 im Gemeinde-Zentrum \u2013 komm vorbei oder h\u00f6re Pastor Joh. W. Matutis im Internet (jeweils 2 Stunden sp\u00e4ter). Mittwoch, 9. November 2022, 16 Uhr: Bleibt in der Versammlung Freitag, 11. November 2022, 19 Uhr: Der bew\u00e4hrte Glaube Samstag, 12. November 2022, 19 Uhr: Klammer dich an Gott Sonntag, 13. November 2022, 10 Uhr: H\u00f6re auf Gott<\/p>\n","protected":false},"author":2,"featured_media":18383,"comment_status":"open","ping_status":"open","sticky":false,"template":"","format":"standard","meta":{"footnotes":""},"categories":[3],"tags":[],"class_list":["post-18323","post","type-post","status-publish","format-standard","has-post-thumbnail","hentry","category-termine-und-themen","comments-off"],"_links":{"self":[{"href":"https:\/\/berliner-predigten.de\/blog\/wp-json\/wp\/v2\/posts\/18323","targetHints":{"allow":["GET"]}}],"collection":[{"href":"https:\/\/berliner-predigten.de\/blog\/wp-json\/wp\/v2\/posts"}],"about":[{"href":"https:\/\/berliner-predigten.de\/blog\/wp-json\/wp\/v2\/types\/post"}],"author":[{"embeddable":true,"href":"https:\/\/berliner-predigten.de\/blog\/wp-json\/wp\/v2\/users\/2"}],"replies":[{"embeddable":true,"href":"https:\/\/berliner-predigten.de\/blog\/wp-json\/wp\/v2\/comments?post=18323"}],"version-history":[{"count":5,"href":"https:\/\/berliner-predigten.de\/blog\/wp-json\/wp\/v2\/posts\/18323\/revisions"}],"predecessor-version":[{"id":18523,"href":"https:\/\/berliner-predigten.de\/blog\/wp-json\/wp\/v2\/posts\/18323\/revisions\/18523"}],"wp:featuredmedia":[{"embeddable":true,"href":"https:\/\/berliner-predigten.de\/blog\/wp-json\/wp\/v2\/media\/18383"}],"wp:attachment":[{"href":"https:\/\/berliner-predigten.de\/blog\/wp-json\/wp\/v2\/media?parent=18323"}],"wp:term":[{"taxonomy":"category","embeddable":true,"href":"https:\/\/berliner-predigten.de\/blog\/wp-json\/wp\/v2\/categories?post=18323"},{"taxonomy":"post_tag","embeddable":true,"href":"https:\/\/berliner-predigten.de\/blog\/wp-json\/wp\/v2\/tags?post=18323"}],"curies":[{"name":"wp","href":"https:\/\/api.w.org\/{rel}","templated":true}]}}