{"id":17622,"date":"2022-09-11T13:36:34","date_gmt":"2022-09-11T11:36:34","guid":{"rendered":"https:\/\/berliner-predigten.de\/blog\/?p=17622"},"modified":"2022-09-18T11:53:33","modified_gmt":"2022-09-18T09:53:33","slug":"themen-der-woche-2022-37","status":"publish","type":"post","link":"https:\/\/berliner-predigten.de\/blog\/2022\/09\/11\/themen-der-woche-2022-37\/","title":{"rendered":"Themen der Woche 2022\/37"},"content":{"rendered":"<p>Die Themen f\u00fcr die Woche 2022\/37 im <a href=\"https:\/\/gemeindezentrum.berlin\/\" target=\"_blank\" rel=\"noopener noreferrer\">Gemeinde-Zentrum<\/a> \u2013 komm vorbei oder h\u00f6re <a href=\"https:\/\/www.facebook.com\/johannes.matutis\" target=\"_blank\" rel=\"noopener\">Pastor Joh. W. Matutis<\/a> im Internet (jeweils 2 Stunden sp\u00e4ter).<\/p>\n<p>Mittwoch, 14. September 2022, 16 Uhr:<br \/>\n<a href=\"https:\/\/berliner-predigten.de\/blog\/2022\/09\/14\/veraenderung-kommt-von-innen\/\"><strong>Ver\u00e4nderung kommt von innen<\/strong><\/a><\/p>\n<p>Freitag, 16. September 2022, 19 Uhr:<br \/>\n<a href=\"https:\/\/berliner-predigten.de\/blog\/2022\/09\/16\/wann-hilft-uns-gott\/\"><strong>Wann hilft uns Gott?<\/strong><\/a><\/p>\n<p>Samstag, 17. September 2022, 19 Uhr:<br \/>\n<a href=\"https:\/\/berliner-predigten.de\/blog\/2022\/09\/17\/seid-also-wachsam\/\"><strong>Seid also wachsam!<\/strong><\/a><\/p>\n<p>Sonntag, 18. September 2022, 10 Uhr:<br \/>\n<a href=\"https:\/\/berliner-predigten.de\/blog\/2022\/09\/18\/vergeude-nicht-dein-leben\/\"><strong>Vergeude nicht dein Leben<\/strong><\/a><\/p>\n<p><!--more--><\/p>\n<hr \/>\n<p>Falls jemand mit uns in Verbindung bleiben m\u00f6chte und daf\u00fcr eine Alternative zu Facebook, YouTube oder Twitter sucht, haben wir unsere Kan\u00e4le auch auf Gettr, Bitchute und Gab. Facebook, YouTube und Twitter sind ja mit ihrer geistigen G\u00e4ngelei und ihren st\u00e4ndigen Zensurandrohungen mittlerweile zu Erziehungs- und Gehirnw\u00e4scheanstalten verkommen, in aller Liebe &#8230;<\/p>\n<p><strong>Folge uns auf:<\/strong><br \/>\nGettr <a href=\"https:\/\/gettr.com\/user\/hoeregotteswort\">https:\/\/gettr.com\/user\/hoeregotteswort<\/a><br \/>\nBitchute <a href=\"https:\/\/www.bitchute.com\/channel\/Ka6wfsms0HNi\/\">https:\/\/www.bitchute.com\/channel\/Ka6wfsms0HNi\/<\/a><br \/>\nGab <a href=\"https:\/\/gab.com\/HoereGottesWort\">https:\/\/gab.com\/HoereGottesWort<\/a><\/p>\n","protected":false},"excerpt":{"rendered":"<p>Die Themen f\u00fcr die Woche 2022\/37 im Gemeinde-Zentrum \u2013 komm vorbei oder h\u00f6re Pastor Joh. W. Matutis im Internet (jeweils 2 Stunden sp\u00e4ter). Mittwoch, 14. September 2022, 16 Uhr: Ver\u00e4nderung kommt von innen Freitag, 16. September 2022, 19 Uhr: Wann hilft uns Gott? Samstag, 17. September 2022, 19 Uhr: Seid also wachsam! Sonntag, 18. September 2022, 10 Uhr: Vergeude nicht dein Leben<\/p>\n","protected":false},"author":2,"featured_media":17623,"comment_status":"open","ping_status":"open","sticky":false,"template":"","format":"standard","meta":{"footnotes":""},"categories":[3],"tags":[],"class_list":["post-17622","post","type-post","status-publish","format-standard","has-post-thumbnail","hentry","category-termine-und-themen","comments-off"],"_links":{"self":[{"href":"https:\/\/berliner-predigten.de\/blog\/wp-json\/wp\/v2\/posts\/17622","targetHints":{"allow":["GET"]}}],"collection":[{"href":"https:\/\/berliner-predigten.de\/blog\/wp-json\/wp\/v2\/posts"}],"about":[{"href":"https:\/\/berliner-predigten.de\/blog\/wp-json\/wp\/v2\/types\/post"}],"author":[{"embeddable":true,"href":"https:\/\/berliner-predigten.de\/blog\/wp-json\/wp\/v2\/users\/2"}],"replies":[{"embeddable":true,"href":"https:\/\/berliner-predigten.de\/blog\/wp-json\/wp\/v2\/comments?post=17622"}],"version-history":[{"count":6,"href":"https:\/\/berliner-predigten.de\/blog\/wp-json\/wp\/v2\/posts\/17622\/revisions"}],"predecessor-version":[{"id":17705,"href":"https:\/\/berliner-predigten.de\/blog\/wp-json\/wp\/v2\/posts\/17622\/revisions\/17705"}],"wp:featuredmedia":[{"embeddable":true,"href":"https:\/\/berliner-predigten.de\/blog\/wp-json\/wp\/v2\/media\/17623"}],"wp:attachment":[{"href":"https:\/\/berliner-predigten.de\/blog\/wp-json\/wp\/v2\/media?parent=17622"}],"wp:term":[{"taxonomy":"category","embeddable":true,"href":"https:\/\/berliner-predigten.de\/blog\/wp-json\/wp\/v2\/categories?post=17622"},{"taxonomy":"post_tag","embeddable":true,"href":"https:\/\/berliner-predigten.de\/blog\/wp-json\/wp\/v2\/tags?post=17622"}],"curies":[{"name":"wp","href":"https:\/\/api.w.org\/{rel}","templated":true}]}}