{"id":16888,"date":"2022-07-30T21:02:48","date_gmt":"2022-07-30T19:02:48","guid":{"rendered":"https:\/\/berliner-predigten.de\/blog\/?p=16888"},"modified":"2022-07-30T22:56:11","modified_gmt":"2022-07-30T20:56:11","slug":"werde-kein-einsiedler","status":"publish","type":"post","link":"https:\/\/berliner-predigten.de\/blog\/2022\/07\/30\/werde-kein-einsiedler\/","title":{"rendered":"Werde kein Einsiedler"},"content":{"rendered":"<p>Wir sind auf Gemeinschaft angelegt. Wir m\u00fcssen lernen, das Leben so zu nehmen, wie es ist. Bibellesen und Gemeinde sind lebenswichtig.<\/p>\n<audio class=\"wp-audio-shortcode\" id=\"audio-16888-1\" preload=\"none\" style=\"width: 100%;\" controls=\"controls\"><source type=\"audio\/mpeg\" src=\"https:\/\/berliner-predigten.de\/dateien\/2022-07-30-Werde-kein-Einsiedler.mp3?_=1\" \/><a href=\"https:\/\/berliner-predigten.de\/dateien\/2022-07-30-Werde-kein-Einsiedler.mp3\">https:\/\/berliner-predigten.de\/dateien\/2022-07-30-Werde-kein-Einsiedler.mp3<\/a><\/audio>\n<p><!--more--><\/p>\n<div style=\"width: 640px;\" class=\"wp-video\"><video class=\"wp-video-shortcode\" id=\"video-16888-1\" width=\"640\" height=\"360\" preload=\"metadata\" controls=\"controls\"><source type=\"video\/mp4\" src=\"https:\/\/video-predigten.de\/2022\/220730-Werde-kein-Einsiedler.mp4?_=1\" \/><a href=\"https:\/\/video-predigten.de\/2022\/220730-Werde-kein-Einsiedler.mp4\">https:\/\/video-predigten.de\/2022\/220730-Werde-kein-Einsiedler.mp4<\/a><\/video><\/div>\n<p><strong>Stichworte:<\/strong> der Mensch sollte nicht allein sein &#8211; ab und zu mal tut es gut, allein zu sein &#8211; ein paar Gedanken \u00fcber die W\u00fcste &#8211; das Land frisst die Leute auf &#8211; nach der W\u00fcste kommt der praktische Alltag im gelobten Land &#8211; Mann und Frau &#8211; Extreme vermeiden, ausgewogen und nat\u00fcrlich leben &#8211; jeder kann irgendetwas &#8211; <a href=\"https:\/\/www.gemeindezentrum.berlin\/geistliche-gaben\" target=\"_blank\" rel=\"noopener\">eine Gabe dazugewinnen<\/a> &#8211; wo zwei oder drei eins werden &#8230; &#8211; bleibe im Lande und n\u00e4hre dich redlich &#8211; nach drei Jahren haben sie alles vergessen, was Gott getan hat &#8211; wir haben von Gott einen Auftrag<\/p>\n<p>Wer uns unterst\u00fctzen m\u00f6chte, kann dies hier tun: <a href=\"https:\/\/berliner-predigten.de\/blog\/spenden\/\" target=\"_blank\" rel=\"noopener noreferrer\">\u2665 Spenden \u2665<\/a><\/p>\n<p><strong><em>Predigt herunterladen:<\/em><\/strong><br \/>\n<em>Audio <a href=\"https:\/\/berliner-predigten.de\/dateien\/2022-07-30-Werde-kein-Einsiedler.mp3\" target=\"_blank\" rel=\"noopener noreferrer\">2022-07-30 Werde kein Einsiedler<\/a><\/em><br \/>\n<em>Video <a href=\"https:\/\/video-predigten.de\/2022\/220730-Werde-kein-Einsiedler.mp4\" target=\"_blank\" rel=\"noopener\">Werde kein Einsiedler<\/a><\/em><\/p>\n<p><a href=\"https:\/\/berliner-predigten.de\/blog\/wp-content\/uploads\/2022\/07\/220730-wir-sind-auf-gemeinschaft-angelegt.jpg\" target=\"_blank\" rel=\"noopener\"><img loading=\"lazy\" decoding=\"async\" class=\"alignnone wp-image-16901\" src=\"https:\/\/berliner-predigten.de\/blog\/wp-content\/uploads\/2022\/07\/220730-wir-sind-auf-gemeinschaft-angelegt-300x300.jpg\" alt=\"Wir sind auf Gemeinschaft angelegt\" width=\"200\" height=\"200\" srcset=\"https:\/\/berliner-predigten.de\/blog\/wp-content\/uploads\/2022\/07\/220730-wir-sind-auf-gemeinschaft-angelegt-300x300.jpg 300w, https:\/\/berliner-predigten.de\/blog\/wp-content\/uploads\/2022\/07\/220730-wir-sind-auf-gemeinschaft-angelegt-150x150.jpg 150w, https:\/\/berliner-predigten.de\/blog\/wp-content\/uploads\/2022\/07\/220730-wir-sind-auf-gemeinschaft-angelegt-768x768.jpg 768w, https:\/\/berliner-predigten.de\/blog\/wp-content\/uploads\/2022\/07\/220730-wir-sind-auf-gemeinschaft-angelegt.jpg 947w\" sizes=\"auto, (max-width: 200px) 100vw, 200px\" \/><\/a><\/p>\n","protected":false},"excerpt":{"rendered":"<p>Wir sind auf Gemeinschaft angelegt. Wir m\u00fcssen lernen, das Leben so zu nehmen, wie es ist. Bibellesen und Gemeinde sind lebenswichtig.<\/p>\n","protected":false},"author":2,"featured_media":16889,"comment_status":"open","ping_status":"closed","sticky":false,"template":"","format":"standard","meta":{"footnotes":""},"categories":[12,2,1434],"tags":[1822,1812,1779,1823,1335],"class_list":["post-16888","post","type-post","status-publish","format-standard","has-post-thumbnail","hentry","category-j-w-matutis","category-predigt","category-video","tag-einsiedler","tag-gottes-auftrag","tag-werde","tag-werde-kein","tag-wueste","comments-off"],"_links":{"self":[{"href":"https:\/\/berliner-predigten.de\/blog\/wp-json\/wp\/v2\/posts\/16888","targetHints":{"allow":["GET"]}}],"collection":[{"href":"https:\/\/berliner-predigten.de\/blog\/wp-json\/wp\/v2\/posts"}],"about":[{"href":"https:\/\/berliner-predigten.de\/blog\/wp-json\/wp\/v2\/types\/post"}],"author":[{"embeddable":true,"href":"https:\/\/berliner-predigten.de\/blog\/wp-json\/wp\/v2\/users\/2"}],"replies":[{"embeddable":true,"href":"https:\/\/berliner-predigten.de\/blog\/wp-json\/wp\/v2\/comments?post=16888"}],"version-history":[{"count":18,"href":"https:\/\/berliner-predigten.de\/blog\/wp-json\/wp\/v2\/posts\/16888\/revisions"}],"predecessor-version":[{"id":16909,"href":"https:\/\/berliner-predigten.de\/blog\/wp-json\/wp\/v2\/posts\/16888\/revisions\/16909"}],"wp:featuredmedia":[{"embeddable":true,"href":"https:\/\/berliner-predigten.de\/blog\/wp-json\/wp\/v2\/media\/16889"}],"wp:attachment":[{"href":"https:\/\/berliner-predigten.de\/blog\/wp-json\/wp\/v2\/media?parent=16888"}],"wp:term":[{"taxonomy":"category","embeddable":true,"href":"https:\/\/berliner-predigten.de\/blog\/wp-json\/wp\/v2\/categories?post=16888"},{"taxonomy":"post_tag","embeddable":true,"href":"https:\/\/berliner-predigten.de\/blog\/wp-json\/wp\/v2\/tags?post=16888"}],"curies":[{"name":"wp","href":"https:\/\/api.w.org\/{rel}","templated":true}]}}