{"id":16306,"date":"2022-06-19T12:01:00","date_gmt":"2022-06-19T10:01:00","guid":{"rendered":"https:\/\/berliner-predigten.de\/blog\/?p=16306"},"modified":"2022-06-26T12:04:30","modified_gmt":"2022-06-26T10:04:30","slug":"themen-der-woche-2022-25","status":"publish","type":"post","link":"https:\/\/berliner-predigten.de\/blog\/2022\/06\/19\/themen-der-woche-2022-25\/","title":{"rendered":"Themen der Woche 2022\/25"},"content":{"rendered":"<p>Die Themen f\u00fcr die Woche 2022\/25 im <a href=\"https:\/\/gemeindezentrum.berlin\/\" target=\"_blank\" rel=\"noopener noreferrer\">Gemeinde-Zentrum<\/a> \u2013 komm vorbei oder h\u00f6re <a href=\"https:\/\/www.facebook.com\/johannes.matutis\" target=\"_blank\" rel=\"noopener\">Pastor Joh. W. Matutis<\/a> im Internet (jeweils 2 Stunden sp\u00e4ter).<\/p>\n<p>Mittwoch, 22. Juni 2022, 16 Uhr:<br \/>\n<a href=\"https:\/\/berliner-predigten.de\/blog\/2022\/06\/22\/starke-worte\/\"><strong>Starke Worte<\/strong><\/a><\/p>\n<p>Freitag, 24. Juni 2022, 19. Uhr:<br \/>\n<a href=\"https:\/\/berliner-predigten.de\/blog\/2022\/06\/24\/unversoehnlichkeit\/\"><strong>Unvers\u00f6hnlichkeit<\/strong><\/a><\/p>\n<p>Samstag, 25. Juni 2022, 19 Uhr:<br \/>\n<a href=\"https:\/\/berliner-predigten.de\/blog\/2022\/06\/25\/warum-hast-du-angst\/\"><strong>Warum hast du Angst?<\/strong><\/a><\/p>\n<p>Sonntag, 26. Juni 2022, 10 Uhr:<br \/>\n<a href=\"https:\/\/berliner-predigten.de\/blog\/2022\/06\/26\/empfange-den-heiligen-geist\/\"><strong>Empfange den Heiligen Geist<\/strong><\/a><\/p>\n<hr \/>\n<p>Keine Predigt verpassen? Unser E-Mail-Rundbrief wird viermal pro Woche verschickt und informiert \u00fcber aktuelle Termine und Themen. \u2709\ufe0f <a href=\"https:\/\/berliner-predigten.de\/blog\/newsletter\/\" target=\"_blank\" rel=\"noopener\">E-Mail-Rundbrief abonnieren!<\/a> \u2709\ufe0f<\/p>\n","protected":false},"excerpt":{"rendered":"<p>Die Themen f\u00fcr die Woche 2022\/25 im Gemeinde-Zentrum \u2013 komm vorbei oder h\u00f6re Pastor Joh. W. Matutis im Internet (jeweils 2 Stunden sp\u00e4ter). Mittwoch, 22. Juni 2022, 16 Uhr: Starke Worte Freitag, 24. Juni 2022, 19. Uhr: Unvers\u00f6hnlichkeit Samstag, 25. Juni 2022, 19 Uhr: Warum hast du Angst? Sonntag, 26. Juni 2022, 10 Uhr: Empfange den Heiligen Geist Keine Predigt verpassen? Unser E-Mail-Rundbrief wird viermal pro Woche verschickt und informiert \u00fcber aktuelle Termine und Themen. \u2709\ufe0f E-Mail-Rundbrief abonnieren! \u2709\ufe0f<\/p>\n","protected":false},"author":2,"featured_media":16307,"comment_status":"open","ping_status":"open","sticky":false,"template":"","format":"standard","meta":{"footnotes":""},"categories":[3],"tags":[],"class_list":["post-16306","post","type-post","status-publish","format-standard","has-post-thumbnail","hentry","category-termine-und-themen","comments-off"],"_links":{"self":[{"href":"https:\/\/berliner-predigten.de\/blog\/wp-json\/wp\/v2\/posts\/16306","targetHints":{"allow":["GET"]}}],"collection":[{"href":"https:\/\/berliner-predigten.de\/blog\/wp-json\/wp\/v2\/posts"}],"about":[{"href":"https:\/\/berliner-predigten.de\/blog\/wp-json\/wp\/v2\/types\/post"}],"author":[{"embeddable":true,"href":"https:\/\/berliner-predigten.de\/blog\/wp-json\/wp\/v2\/users\/2"}],"replies":[{"embeddable":true,"href":"https:\/\/berliner-predigten.de\/blog\/wp-json\/wp\/v2\/comments?post=16306"}],"version-history":[{"count":6,"href":"https:\/\/berliner-predigten.de\/blog\/wp-json\/wp\/v2\/posts\/16306\/revisions"}],"predecessor-version":[{"id":16425,"href":"https:\/\/berliner-predigten.de\/blog\/wp-json\/wp\/v2\/posts\/16306\/revisions\/16425"}],"wp:featuredmedia":[{"embeddable":true,"href":"https:\/\/berliner-predigten.de\/blog\/wp-json\/wp\/v2\/media\/16307"}],"wp:attachment":[{"href":"https:\/\/berliner-predigten.de\/blog\/wp-json\/wp\/v2\/media?parent=16306"}],"wp:term":[{"taxonomy":"category","embeddable":true,"href":"https:\/\/berliner-predigten.de\/blog\/wp-json\/wp\/v2\/categories?post=16306"},{"taxonomy":"post_tag","embeddable":true,"href":"https:\/\/berliner-predigten.de\/blog\/wp-json\/wp\/v2\/tags?post=16306"}],"curies":[{"name":"wp","href":"https:\/\/api.w.org\/{rel}","templated":true}]}}