{"id":16135,"date":"2022-06-05T12:40:50","date_gmt":"2022-06-05T10:40:50","guid":{"rendered":"https:\/\/berliner-predigten.de\/blog\/?p=16135"},"modified":"2022-08-25T16:13:38","modified_gmt":"2022-08-25T14:13:38","slug":"was-ist-pfingsten","status":"publish","type":"post","link":"https:\/\/berliner-predigten.de\/blog\/2022\/06\/05\/was-ist-pfingsten\/","title":{"rendered":"Was ist Pfingsten?"},"content":{"rendered":"<p>Wo der Geist des Herrn ist, da ist Freiheit. Wie empfange ich den Heiligen Geist?<\/p>\n<audio class=\"wp-audio-shortcode\" id=\"audio-16135-1\" preload=\"none\" style=\"width: 100%;\" controls=\"controls\"><source type=\"audio\/mpeg\" src=\"https:\/\/berliner-predigten.de\/dateien\/2022-06-05-Was-ist-Pfingsten.mp3?_=1\" \/><a href=\"https:\/\/berliner-predigten.de\/dateien\/2022-06-05-Was-ist-Pfingsten.mp3\">https:\/\/berliner-predigten.de\/dateien\/2022-06-05-Was-ist-Pfingsten.mp3<\/a><\/audio>\n<p><!--more--><\/p>\n<div style=\"width: 640px;\" class=\"wp-video\"><video class=\"wp-video-shortcode\" id=\"video-16135-1\" width=\"640\" height=\"360\" preload=\"metadata\" controls=\"controls\"><source type=\"video\/mp4\" src=\"https:\/\/video-predigten.de\/2022\/220605-Was-ist-Pfingsten.mp4?_=1\" \/><a href=\"https:\/\/video-predigten.de\/2022\/220605-Was-ist-Pfingsten.mp4\">https:\/\/video-predigten.de\/2022\/220605-Was-ist-Pfingsten.mp4<\/a><\/video><\/div>\n<p><strong>Stichworte:<\/strong> die christlichen Feste &#8211; der Heilige Geist sch\u00fctzt mich von innen &#8211; das Grundgesetz vom Berg Sinai &#8211; neue Lebensweise, neue Sprache, neues Verhalten &#8211; <a href=\"https:\/\/www.schlachterbibel.de\/de\/bibel\/apostelgeschichte\/2\/1-13?hl=1#hl\" target=\"_blank\" rel=\"noopener\">da weht ein neuer Wind<\/a> &#8211; die Wirkung des Heiligen Geistes &#8211; ein Geist f\u00fcr alle Menschen &#8211; die Geburt der Gemeinde als Plan B &#8211; der neue Weg &#8211; <a href=\"https:\/\/www.schlachterbibel.de\/de\/bibel\/lukas\/11\/13?hl=1#hl\" target=\"_blank\" rel=\"noopener\">wie der Himmel in dein Leben kommt<\/a> &#8211; wie gew\u00f6hnliche Menschen ungew\u00f6hnlich werden &#8211; mein Bruder, meine Schwester &#8211; Abba, lieber Vater &#8211; wo kommen wir hin &#8230; &#8211; wenn der Heilige Geist nicht gekommen w\u00e4re<\/p>\n<p>Wer uns unterst\u00fctzen m\u00f6chte, kann dies hier tun: <a href=\"https:\/\/berliner-predigten.de\/blog\/spenden\/\" target=\"_blank\" rel=\"noopener noreferrer\">\u2665 Spenden \u2665<\/a><\/p>\n<p><strong><em>Predigt herunterladen:<\/em><\/strong><br \/>\n<em>Audio <a href=\"https:\/\/berliner-predigten.de\/dateien\/2022-06-05-Was-ist-Pfingsten.mp3\" target=\"_blank\" rel=\"noopener noreferrer\">2022-06-05 Was ist Pfingsten?<\/a><\/em><br \/>\n<em>Video <a href=\"https:\/\/video-predigten.de\/2022\/220605-Was-ist-Pfingsten.mp4\" target=\"_blank\" rel=\"noopener\">Was ist Pfingsten?<\/a><\/em><\/p>\n<p><a href=\"https:\/\/berliner-predigten.de\/blog\/wp-content\/uploads\/2022\/06\/220605-wo-der-geist-des-herrn-ist.jpg\" target=\"_blank\" rel=\"noopener\"><img loading=\"lazy\" decoding=\"async\" class=\"alignnone wp-image-16144\" src=\"https:\/\/berliner-predigten.de\/blog\/wp-content\/uploads\/2022\/06\/220605-wo-der-geist-des-herrn-ist-300x300.jpg\" alt=\"Wo der Geist des Herrn ist, da ist Freiheit\" width=\"200\" height=\"200\" srcset=\"https:\/\/berliner-predigten.de\/blog\/wp-content\/uploads\/2022\/06\/220605-wo-der-geist-des-herrn-ist-300x300.jpg 300w, https:\/\/berliner-predigten.de\/blog\/wp-content\/uploads\/2022\/06\/220605-wo-der-geist-des-herrn-ist-150x150.jpg 150w, https:\/\/berliner-predigten.de\/blog\/wp-content\/uploads\/2022\/06\/220605-wo-der-geist-des-herrn-ist-768x768.jpg 768w, https:\/\/berliner-predigten.de\/blog\/wp-content\/uploads\/2022\/06\/220605-wo-der-geist-des-herrn-ist.jpg 947w\" sizes=\"auto, (max-width: 200px) 100vw, 200px\" \/><\/a><\/p>\n<hr \/>\n<p><a href=\"https:\/\/berliner-predigten.de\/blog\/newsletter\/\" target=\"_blank\" rel=\"noopener\">Keine Predigt verpassen?<\/a> Unser E-Mail-Newsletter wird gew\u00f6hnlich zwei- bis viermal pro Woche verschickt und informiert \u00fcber aktuelle Termine und Themen. Sie k\u00f6nnen sich jederzeit wieder abmelden. \u2709\ufe0f <a href=\"https:\/\/berliner-predigten.de\/blog\/newsletter\/\" target=\"_blank\" rel=\"noopener\">E-Mail-Rundbrief abonnieren!<\/a> \u2709\ufe0f<\/p>\n","protected":false},"excerpt":{"rendered":"<p>Wo der Geist des Herrn ist, da ist Freiheit. Wie empfange ich den Heiligen Geist?<\/p>\n","protected":false},"author":2,"featured_media":16136,"comment_status":"open","ping_status":"closed","sticky":false,"template":"","format":"standard","meta":{"footnotes":""},"categories":[12,2,1434],"tags":[767,1484,849,304,242,243],"class_list":["post-16135","post","type-post","status-publish","format-standard","has-post-thumbnail","hentry","category-j-w-matutis","category-predigt","category-video","tag-erfuellung","tag-geisterfuellt","tag-gemeinschaft","tag-heiliger-geist","tag-pfingsten","tag-wunder-von-pfingsten","comments-off"],"_links":{"self":[{"href":"https:\/\/berliner-predigten.de\/blog\/wp-json\/wp\/v2\/posts\/16135","targetHints":{"allow":["GET"]}}],"collection":[{"href":"https:\/\/berliner-predigten.de\/blog\/wp-json\/wp\/v2\/posts"}],"about":[{"href":"https:\/\/berliner-predigten.de\/blog\/wp-json\/wp\/v2\/types\/post"}],"author":[{"embeddable":true,"href":"https:\/\/berliner-predigten.de\/blog\/wp-json\/wp\/v2\/users\/2"}],"replies":[{"embeddable":true,"href":"https:\/\/berliner-predigten.de\/blog\/wp-json\/wp\/v2\/comments?post=16135"}],"version-history":[{"count":15,"href":"https:\/\/berliner-predigten.de\/blog\/wp-json\/wp\/v2\/posts\/16135\/revisions"}],"predecessor-version":[{"id":17352,"href":"https:\/\/berliner-predigten.de\/blog\/wp-json\/wp\/v2\/posts\/16135\/revisions\/17352"}],"wp:featuredmedia":[{"embeddable":true,"href":"https:\/\/berliner-predigten.de\/blog\/wp-json\/wp\/v2\/media\/16136"}],"wp:attachment":[{"href":"https:\/\/berliner-predigten.de\/blog\/wp-json\/wp\/v2\/media?parent=16135"}],"wp:term":[{"taxonomy":"category","embeddable":true,"href":"https:\/\/berliner-predigten.de\/blog\/wp-json\/wp\/v2\/categories?post=16135"},{"taxonomy":"post_tag","embeddable":true,"href":"https:\/\/berliner-predigten.de\/blog\/wp-json\/wp\/v2\/tags?post=16135"}],"curies":[{"name":"wp","href":"https:\/\/api.w.org\/{rel}","templated":true}]}}