{"id":15996,"date":"2022-05-29T11:50:50","date_gmt":"2022-05-29T09:50:50","guid":{"rendered":"https:\/\/berliner-predigten.de\/blog\/?p=15996"},"modified":"2022-06-11T13:32:25","modified_gmt":"2022-06-11T11:32:25","slug":"themen-der-woche-2022-22","status":"publish","type":"post","link":"https:\/\/berliner-predigten.de\/blog\/2022\/05\/29\/themen-der-woche-2022-22\/","title":{"rendered":"Themen der Woche 2022\/22"},"content":{"rendered":"<p>Die Themen f\u00fcr die Woche 2022\/22 im <a href=\"https:\/\/gemeindezentrum.berlin\/\" target=\"_blank\" rel=\"noopener noreferrer\">Gemeinde-Zentrum<\/a> \u2013 komm vorbei oder h\u00f6re <a href=\"https:\/\/www.facebook.com\/johannes.matutis\" target=\"_blank\" rel=\"noopener\">Pastor Joh. W. Matutis<\/a> im Internet (jeweils 2 Stunden sp\u00e4ter).<\/p>\n<p>Mittwoch, 1. Juni 2022, 16 Uhr:<br \/>\n<a href=\"https:\/\/berliner-predigten.de\/blog\/2022\/06\/01\/glaube-ist-die-waehrung\/\"><strong>Glaube ist die W\u00e4hrung<\/strong><\/a><\/p>\n<p>Freitag, 3. Juni 2022, 19 Uhr:<br \/>\n<a href=\"https:\/\/berliner-predigten.de\/blog\/2022\/06\/03\/gott-kuemmert-sich-um-dich\/\"><strong>Gott k\u00fcmmert sich um dich<\/strong><\/a><\/p>\n<p>Samstag, 4. Juni 2022, 19 Uhr:<br \/>\n<a href=\"https:\/\/berliner-predigten.de\/blog\/2022\/06\/04\/lebe-im-land-der-fuelle\/\"><strong>Lebe im Land der F\u00fclle<\/strong><\/a><\/p>\n<p>Sonntag, 5. Juni 2022, 10 Uhr:<br \/>\n<a href=\"https:\/\/berliner-predigten.de\/blog\/2022\/06\/05\/was-ist-pfingsten\/\"><strong>Was ist Pfingsten?<\/strong><\/a><\/p>\n<hr \/>\n<p>Keine Predigt verpassen? Unser E-Mail-Newsletter wird viermal pro Woche verschickt und informiert \u00fcber aktuelle Termine und Themen. \u2709\ufe0f <a href=\"https:\/\/berliner-predigten.de\/blog\/newsletter\/\" target=\"_blank\" rel=\"noopener\">E-Mail-Rundbrief abonnieren!<\/a> \u2709\ufe0f<\/p>\n","protected":false},"excerpt":{"rendered":"<p>Die Themen f\u00fcr die Woche 2022\/22 im Gemeinde-Zentrum \u2013 komm vorbei oder h\u00f6re Pastor Joh. W. Matutis im Internet (jeweils 2 Stunden sp\u00e4ter). Mittwoch, 1. Juni 2022, 16 Uhr: Glaube ist die W\u00e4hrung Freitag, 3. Juni 2022, 19 Uhr: Gott k\u00fcmmert sich um dich Samstag, 4. Juni 2022, 19 Uhr: Lebe im Land der F\u00fclle Sonntag, 5. Juni 2022, 10 Uhr: Was ist Pfingsten? Keine Predigt verpassen? Unser E-Mail-Newsletter wird viermal pro Woche verschickt und informiert \u00fcber aktuelle Termine und Themen. \u2709\ufe0f E-Mail-Rundbrief abonnieren! \u2709\ufe0f<\/p>\n","protected":false},"author":2,"featured_media":16000,"comment_status":"open","ping_status":"open","sticky":false,"template":"","format":"standard","meta":{"footnotes":""},"categories":[3],"tags":[],"class_list":["post-15996","post","type-post","status-publish","format-standard","has-post-thumbnail","hentry","category-termine-und-themen","comments-off"],"_links":{"self":[{"href":"https:\/\/berliner-predigten.de\/blog\/wp-json\/wp\/v2\/posts\/15996","targetHints":{"allow":["GET"]}}],"collection":[{"href":"https:\/\/berliner-predigten.de\/blog\/wp-json\/wp\/v2\/posts"}],"about":[{"href":"https:\/\/berliner-predigten.de\/blog\/wp-json\/wp\/v2\/types\/post"}],"author":[{"embeddable":true,"href":"https:\/\/berliner-predigten.de\/blog\/wp-json\/wp\/v2\/users\/2"}],"replies":[{"embeddable":true,"href":"https:\/\/berliner-predigten.de\/blog\/wp-json\/wp\/v2\/comments?post=15996"}],"version-history":[{"count":19,"href":"https:\/\/berliner-predigten.de\/blog\/wp-json\/wp\/v2\/posts\/15996\/revisions"}],"predecessor-version":[{"id":16208,"href":"https:\/\/berliner-predigten.de\/blog\/wp-json\/wp\/v2\/posts\/15996\/revisions\/16208"}],"wp:featuredmedia":[{"embeddable":true,"href":"https:\/\/berliner-predigten.de\/blog\/wp-json\/wp\/v2\/media\/16000"}],"wp:attachment":[{"href":"https:\/\/berliner-predigten.de\/blog\/wp-json\/wp\/v2\/media?parent=15996"}],"wp:term":[{"taxonomy":"category","embeddable":true,"href":"https:\/\/berliner-predigten.de\/blog\/wp-json\/wp\/v2\/categories?post=15996"},{"taxonomy":"post_tag","embeddable":true,"href":"https:\/\/berliner-predigten.de\/blog\/wp-json\/wp\/v2\/tags?post=15996"}],"curies":[{"name":"wp","href":"https:\/\/api.w.org\/{rel}","templated":true}]}}