{"id":13250,"date":"2021-11-14T12:25:26","date_gmt":"2021-11-14T11:25:26","guid":{"rendered":"https:\/\/berliner-predigten.de\/blog\/?p=13250"},"modified":"2021-11-20T20:02:52","modified_gmt":"2021-11-20T19:02:52","slug":"themen-der-woche-2021-46","status":"publish","type":"post","link":"https:\/\/berliner-predigten.de\/blog\/2021\/11\/14\/themen-der-woche-2021-46\/","title":{"rendered":"Themen der Woche 2021\/46"},"content":{"rendered":"<p>Die Themen f\u00fcr die Woche 2021\/46 im <a href=\"https:\/\/gemeindezentrum.berlin\/\" target=\"_blank\" rel=\"noopener noreferrer\">Gemeinde-Zentrum<\/a> \u2013 komm vorbei oder h\u00f6re Pastor Joh. W. Matutis im Internet (jeweils 2 Stunden sp\u00e4ter).<\/p>\n<p>Mittwoch, 17. November 2021, 16 Uhr:<br \/>\n<a href=\"https:\/\/berliner-predigten.de\/blog\/2021\/11\/17\/die-geisterfuellte-gemeinde\/\"><strong>Die geisterf\u00fcllte Gemeinde<\/strong><\/a><\/p>\n<p>Freitag, 19. November 2021, 19 Uhr:<br \/>\n<a href=\"https:\/\/berliner-predigten.de\/blog\/2021\/11\/19\/falsche-wege\/\"><strong>Falsche Wege<\/strong><\/a><\/p>\n<p>Samstag, 20. November 2021, 19 Uhr:<br \/>\n<a href=\"https:\/\/berliner-predigten.de\/blog\/2021\/11\/20\/die-segnungen-der-gemeinde\/\"><strong>Die Segnungen der Gemeinde<\/strong><\/a><\/p>\n<p>Sonntag, 21. November 2021, 10 Uhr:<br \/>\n<strong>Auswirkungen der Gegenwart Gottes<\/strong><\/p>\n<hr \/>\n<p>Schreibe <a href=\"https:\/\/berliner-predigten.de\/blog\/ueber-diese-seite\/impressum\/\" rel=\"noopener\">eine E-Mail oder rufe an,<\/a> wenn Du gerne die Predigten auf CD kostenlos zugeschickt haben m\u00f6chtest.<\/p>\n<hr \/>\n<p><strong>VORANK\u00dcNDIGUNG:<\/strong> Am 12. Dezember 2021 (3. Advent) um 19 Uhr werden wir einen Taufgottesdienst haben. Wenn du getauft werden m\u00f6chtest, <a href=\"https:\/\/berliner-predigten.de\/blog\/pastor-johannes-w-matutis\/\">dann melde dich!<\/a><\/p>\n","protected":false},"excerpt":{"rendered":"<p>Die Themen f\u00fcr die Woche 2021\/46 im Gemeinde-Zentrum \u2013 komm vorbei oder h\u00f6re Pastor Joh. W. Matutis im Internet (jeweils 2 Stunden sp\u00e4ter). Mittwoch, 17. November 2021, 16 Uhr: Die geisterf\u00fcllte Gemeinde Freitag, 19. November 2021, 19 Uhr: Falsche Wege Samstag, 20. November 2021, 19 Uhr: Die Segnungen der Gemeinde Sonntag, 21. November 2021, 10 Uhr: Auswirkungen der Gegenwart Gottes Schreibe eine E-Mail oder rufe an, wenn Du gerne die Predigten auf CD kostenlos zugeschickt haben m\u00f6chtest. VORANK\u00dcNDIGUNG: Am 12. Dezember 2021 (3. Advent) um 19 Uhr werden wir einen Taufgottesdienst haben. Wenn du getauft werden m\u00f6chtest, dann melde dich!<\/p>\n","protected":false},"author":2,"featured_media":13252,"comment_status":"open","ping_status":"open","sticky":false,"template":"","format":"standard","meta":{"footnotes":""},"categories":[3],"tags":[],"class_list":["post-13250","post","type-post","status-publish","format-standard","has-post-thumbnail","hentry","category-termine-und-themen","comments-off"],"_links":{"self":[{"href":"https:\/\/berliner-predigten.de\/blog\/wp-json\/wp\/v2\/posts\/13250","targetHints":{"allow":["GET"]}}],"collection":[{"href":"https:\/\/berliner-predigten.de\/blog\/wp-json\/wp\/v2\/posts"}],"about":[{"href":"https:\/\/berliner-predigten.de\/blog\/wp-json\/wp\/v2\/types\/post"}],"author":[{"embeddable":true,"href":"https:\/\/berliner-predigten.de\/blog\/wp-json\/wp\/v2\/users\/2"}],"replies":[{"embeddable":true,"href":"https:\/\/berliner-predigten.de\/blog\/wp-json\/wp\/v2\/comments?post=13250"}],"version-history":[{"count":11,"href":"https:\/\/berliner-predigten.de\/blog\/wp-json\/wp\/v2\/posts\/13250\/revisions"}],"predecessor-version":[{"id":13368,"href":"https:\/\/berliner-predigten.de\/blog\/wp-json\/wp\/v2\/posts\/13250\/revisions\/13368"}],"wp:featuredmedia":[{"embeddable":true,"href":"https:\/\/berliner-predigten.de\/blog\/wp-json\/wp\/v2\/media\/13252"}],"wp:attachment":[{"href":"https:\/\/berliner-predigten.de\/blog\/wp-json\/wp\/v2\/media?parent=13250"}],"wp:term":[{"taxonomy":"category","embeddable":true,"href":"https:\/\/berliner-predigten.de\/blog\/wp-json\/wp\/v2\/categories?post=13250"},{"taxonomy":"post_tag","embeddable":true,"href":"https:\/\/berliner-predigten.de\/blog\/wp-json\/wp\/v2\/tags?post=13250"}],"curies":[{"name":"wp","href":"https:\/\/api.w.org\/{rel}","templated":true}]}}