{"id":13173,"date":"2021-11-14T10:56:44","date_gmt":"2021-11-14T09:56:44","guid":{"rendered":"https:\/\/berliner-predigten.de\/blog\/?p=13173"},"modified":"2022-09-30T13:26:17","modified_gmt":"2022-09-30T11:26:17","slug":"das-geheimnis-der-gemeinde","status":"publish","type":"post","link":"https:\/\/berliner-predigten.de\/blog\/2021\/11\/14\/das-geheimnis-der-gemeinde\/","title":{"rendered":"Das Geheimnis der Gemeinde"},"content":{"rendered":"<p>Die Pforten der H\u00f6lle werden meine Gemeinde nicht \u00fcberw\u00e4ltigen, sagt Jesus. Bei Gott ist m\u00f6glich, was bei Menschen unm\u00f6glich ist.<\/p>\n<audio class=\"wp-audio-shortcode\" id=\"audio-13173-1\" preload=\"none\" style=\"width: 100%;\" controls=\"controls\"><source type=\"audio\/mpeg\" src=\"https:\/\/berliner-predigten.de\/dateien\/2021-11-14-Das-Geheimnis-der-Gemeinde.mp3?_=1\" \/><a href=\"https:\/\/berliner-predigten.de\/dateien\/2021-11-14-Das-Geheimnis-der-Gemeinde.mp3\">https:\/\/berliner-predigten.de\/dateien\/2021-11-14-Das-Geheimnis-der-Gemeinde.mp3<\/a><\/audio>\n<p><!--more--><\/p>\n<p><strong>Stichworte:<\/strong> der erste und der zweite Adam &#8211; nur f\u00fcr Wiedergeborene &#8211; <a href=\"https:\/\/www.schlachterbibel.de\/de\/bibel\/epheser\/\" target=\"_blank\" rel=\"noopener\">der Brief an die Epheser<\/a> &#8211; die Wichtigkeit der Taufe &#8211; Israel und die Gemeinde &#8211; das Zeugnis des Heiligen Geistes &#8211; <a href=\"https:\/\/www.schlachterbibel.de\/de\/bibel\/philipper\/4\/19\/?hl=1#hl\" target=\"_blank\" rel=\"noopener\">er wird allen euren Mangel ausf\u00fcllen<\/a> &#8211; versuchen, Jesus auszuleben &#8211; Wachsfiguren, hohle Scheinheilige und tote Religionen &#8211; der Geist macht lebendig &#8211; mit Jesu Leiden vertraut sein &#8211; Gott ruft uns bei unserem Namen &#8211; <a href=\"https:\/\/gemeindezentrum.berlin\/iframe\/bibelschule\/Epheser.pdf\" target=\"_blank\" rel=\"noopener\">hilfreiches Material zum Studium des Epheserbriefes<\/a> &#8211; &#8222;Herr, sprich zu mir&#8220;<\/p>\n<p><em>Predigt herunterladen: <a href=\"https:\/\/berliner-predigten.de\/dateien\/2021-11-14-Das-Geheimnis-der-Gemeinde.mp3\" target=\"_blank\" rel=\"noopener noreferrer\">2021-11-14 Das Geheimnis der Gemeinde<\/a><\/em><\/p>\n<div style=\"width: 640px;\" class=\"wp-video\"><video class=\"wp-video-shortcode\" id=\"video-13173-1\" width=\"640\" height=\"360\" preload=\"metadata\" controls=\"controls\"><source type=\"video\/mp4\" src=\"https:\/\/video-predigten.de\/2021\/211114-Das-Geheimnis-der-Gemeinde.mp4?_=1\" \/><a href=\"https:\/\/video-predigten.de\/2021\/211114-Das-Geheimnis-der-Gemeinde.mp4\">https:\/\/video-predigten.de\/2021\/211114-Das-Geheimnis-der-Gemeinde.mp4<\/a><\/video><\/div>\n<p><em>Video herunterladen: <a href=\"https:\/\/video-predigten.de\/2021\/211114-Das-Geheimnis-der-Gemeinde.mp4\" target=\"_blank\" rel=\"noopener\">Das Geheimnis der Gemeinde<\/a><\/em><\/p>\n<p>Unsere Arbeit mittragen: <a href=\"https:\/\/berliner-predigten.de\/blog\/spenden\/\" target=\"_blank\" rel=\"noopener noreferrer\">\u2665 Spenden \u2665<\/a><\/p>\n<p><a href=\"https:\/\/berliner-predigten.de\/blog\/wp-content\/uploads\/2021\/11\/211114-die-pforten-der-hoelle.jpg\" target=\"_blank\" rel=\"noopener\"><img loading=\"lazy\" decoding=\"async\" class=\"alignnone wp-image-13239\" src=\"https:\/\/berliner-predigten.de\/blog\/wp-content\/uploads\/2021\/11\/211114-die-pforten-der-hoelle-300x300.jpg\" alt=\"\" width=\"100\" height=\"100\" srcset=\"https:\/\/berliner-predigten.de\/blog\/wp-content\/uploads\/2021\/11\/211114-die-pforten-der-hoelle-300x300.jpg 300w, https:\/\/berliner-predigten.de\/blog\/wp-content\/uploads\/2021\/11\/211114-die-pforten-der-hoelle-150x150.jpg 150w, https:\/\/berliner-predigten.de\/blog\/wp-content\/uploads\/2021\/11\/211114-die-pforten-der-hoelle-768x768.jpg 768w, https:\/\/berliner-predigten.de\/blog\/wp-content\/uploads\/2021\/11\/211114-die-pforten-der-hoelle.jpg 948w\" sizes=\"auto, (max-width: 100px) 100vw, 100px\" \/><\/a><\/p>\n<hr \/>\n<p><strong>VORANK\u00dcNDIGUNG:<\/strong> Am 12. Dezember 2021 (3. Advent) um 19 Uhr werden wir einen Taufgottesdienst haben. Wenn du getauft werden m\u00f6chtest, dann <a href=\"https:\/\/berliner-predigten.de\/blog\/pastor-johannes-w-matutis\/\" target=\"_blank\" rel=\"noopener\">melde dich!<\/a><\/p>\n","protected":false},"excerpt":{"rendered":"<p>Die Pforten der H\u00f6lle werden meine Gemeinde nicht \u00fcberw\u00e4ltigen, sagt Jesus. Bei Gott ist m\u00f6glich, was bei Menschen unm\u00f6glich ist.<\/p>\n","protected":false},"author":2,"featured_media":13227,"comment_status":"open","ping_status":"closed","sticky":false,"template":"","format":"standard","meta":{"footnotes":""},"categories":[12,2,1434],"tags":[1890,1482,648,1479,1483,1477,793],"class_list":["post-13173","post","type-post","status-publish","format-standard","has-post-thumbnail","hentry","category-j-w-matutis","category-predigt","category-video","tag-epheser","tag-geheimnis-der-gemeinde","tag-gemeinde","tag-gottes-gemeinde","tag-israel-und-die-gemeinde","tag-jesus-baut","tag-wiedergeburt","comments-off"],"_links":{"self":[{"href":"https:\/\/berliner-predigten.de\/blog\/wp-json\/wp\/v2\/posts\/13173","targetHints":{"allow":["GET"]}}],"collection":[{"href":"https:\/\/berliner-predigten.de\/blog\/wp-json\/wp\/v2\/posts"}],"about":[{"href":"https:\/\/berliner-predigten.de\/blog\/wp-json\/wp\/v2\/types\/post"}],"author":[{"embeddable":true,"href":"https:\/\/berliner-predigten.de\/blog\/wp-json\/wp\/v2\/users\/2"}],"replies":[{"embeddable":true,"href":"https:\/\/berliner-predigten.de\/blog\/wp-json\/wp\/v2\/comments?post=13173"}],"version-history":[{"count":22,"href":"https:\/\/berliner-predigten.de\/blog\/wp-json\/wp\/v2\/posts\/13173\/revisions"}],"predecessor-version":[{"id":13312,"href":"https:\/\/berliner-predigten.de\/blog\/wp-json\/wp\/v2\/posts\/13173\/revisions\/13312"}],"wp:featuredmedia":[{"embeddable":true,"href":"https:\/\/berliner-predigten.de\/blog\/wp-json\/wp\/v2\/media\/13227"}],"wp:attachment":[{"href":"https:\/\/berliner-predigten.de\/blog\/wp-json\/wp\/v2\/media?parent=13173"}],"wp:term":[{"taxonomy":"category","embeddable":true,"href":"https:\/\/berliner-predigten.de\/blog\/wp-json\/wp\/v2\/categories?post=13173"},{"taxonomy":"post_tag","embeddable":true,"href":"https:\/\/berliner-predigten.de\/blog\/wp-json\/wp\/v2\/tags?post=13173"}],"curies":[{"name":"wp","href":"https:\/\/api.w.org\/{rel}","templated":true}]}}