{"id":12387,"date":"2021-09-12T12:15:50","date_gmt":"2021-09-12T10:15:50","guid":{"rendered":"https:\/\/berliner-predigten.de\/blog\/?p=12387"},"modified":"2021-09-19T10:53:29","modified_gmt":"2021-09-19T08:53:29","slug":"themen-der-woche-2021-37","status":"publish","type":"post","link":"https:\/\/berliner-predigten.de\/blog\/2021\/09\/12\/themen-der-woche-2021-37\/","title":{"rendered":"Themen der Woche 2021\/37"},"content":{"rendered":"<p>Die Themen f\u00fcr die Woche 2021\/37 im <a href=\"https:\/\/gemeindezentrum.berlin\/\" target=\"_blank\" rel=\"noopener noreferrer\">Gemeinde-Zentrum<\/a> \u2013 komm vorbei oder h\u00f6re <a href=\"https:\/\/www.facebook.com\/johannes.matutis\" target=\"_blank\" rel=\"noopener\">Pastor Joh. W. Matutis<\/a> im Internet (jeweils 2 Stunden sp\u00e4ter).<\/p>\n<p>Mittwoch, 15. September 2021, 16 Uhr:<br \/>\n<a href=\"https:\/\/berliner-predigten.de\/blog\/2021\/09\/15\/gott-hat-uns-nicht-aufgegeben\/\"><strong>Gott hat uns nicht aufgegeben<\/strong><\/a><\/p>\n<p>Freitag, 17. September 2021, 19 Uhr:<br \/>\n<a href=\"https:\/\/berliner-predigten.de\/blog\/2021\/09\/17\/gott-hat-noch-eine-aufgabe-fuer-dich\/\"><strong>Gott hat noch eine Aufgabe f\u00fcr Dich<\/strong><\/a><\/p>\n<p>Samstag, 18. September 2021, 19 Uhr:<br \/>\n<a href=\"https:\/\/berliner-predigten.de\/blog\/2021\/09\/18\/mit-jesus-faengt-alles-an\/\"><strong>Mit Jesus f\u00e4ngt alles an<\/strong><\/a><\/p>\n<p>Sonntag, 19. September 2021, 10 Uhr:<br \/>\n<a href=\"https:\/\/berliner-predigten.de\/blog\/2021\/09\/19\/sei-nicht-bestuerzt\/\"><strong>Sei nicht best\u00fcrzt<\/strong><\/a><\/p>\n","protected":false},"excerpt":{"rendered":"<p>Die Themen f\u00fcr die Woche 2021\/37 im Gemeinde-Zentrum \u2013 komm vorbei oder h\u00f6re Pastor Joh. W. Matutis im Internet (jeweils 2 Stunden sp\u00e4ter). Mittwoch, 15. September 2021, 16 Uhr: Gott hat uns nicht aufgegeben Freitag, 17. September 2021, 19 Uhr: Gott hat noch eine Aufgabe f\u00fcr Dich Samstag, 18. September 2021, 19 Uhr: Mit Jesus f\u00e4ngt alles an Sonntag, 19. September 2021, 10 Uhr: Sei nicht best\u00fcrzt<\/p>\n","protected":false},"author":2,"featured_media":12388,"comment_status":"open","ping_status":"open","sticky":false,"template":"","format":"standard","meta":{"footnotes":""},"categories":[3],"tags":[],"class_list":["post-12387","post","type-post","status-publish","format-standard","has-post-thumbnail","hentry","category-termine-und-themen","comments-off"],"_links":{"self":[{"href":"https:\/\/berliner-predigten.de\/blog\/wp-json\/wp\/v2\/posts\/12387","targetHints":{"allow":["GET"]}}],"collection":[{"href":"https:\/\/berliner-predigten.de\/blog\/wp-json\/wp\/v2\/posts"}],"about":[{"href":"https:\/\/berliner-predigten.de\/blog\/wp-json\/wp\/v2\/types\/post"}],"author":[{"embeddable":true,"href":"https:\/\/berliner-predigten.de\/blog\/wp-json\/wp\/v2\/users\/2"}],"replies":[{"embeddable":true,"href":"https:\/\/berliner-predigten.de\/blog\/wp-json\/wp\/v2\/comments?post=12387"}],"version-history":[{"count":5,"href":"https:\/\/berliner-predigten.de\/blog\/wp-json\/wp\/v2\/posts\/12387\/revisions"}],"predecessor-version":[{"id":12472,"href":"https:\/\/berliner-predigten.de\/blog\/wp-json\/wp\/v2\/posts\/12387\/revisions\/12472"}],"wp:featuredmedia":[{"embeddable":true,"href":"https:\/\/berliner-predigten.de\/blog\/wp-json\/wp\/v2\/media\/12388"}],"wp:attachment":[{"href":"https:\/\/berliner-predigten.de\/blog\/wp-json\/wp\/v2\/media?parent=12387"}],"wp:term":[{"taxonomy":"category","embeddable":true,"href":"https:\/\/berliner-predigten.de\/blog\/wp-json\/wp\/v2\/categories?post=12387"},{"taxonomy":"post_tag","embeddable":true,"href":"https:\/\/berliner-predigten.de\/blog\/wp-json\/wp\/v2\/tags?post=12387"}],"curies":[{"name":"wp","href":"https:\/\/api.w.org\/{rel}","templated":true}]}}