{"id":11558,"date":"2021-07-26T08:47:44","date_gmt":"2021-07-26T06:47:44","guid":{"rendered":"https:\/\/berliner-predigten.de\/blog\/?p=11558"},"modified":"2021-08-01T11:40:30","modified_gmt":"2021-08-01T09:40:30","slug":"themen-der-woche-2021-30","status":"publish","type":"post","link":"https:\/\/berliner-predigten.de\/blog\/2021\/07\/26\/themen-der-woche-2021-30\/","title":{"rendered":"Themen der Woche 2021\/30"},"content":{"rendered":"<p>Die Themen f\u00fcr die Woche 2021\/30 im <a href=\"https:\/\/gemeindezentrum.berlin\/\" target=\"_blank\" rel=\"noopener noreferrer\">Gemeinde-Zentrum<\/a> \u2013 komm vorbei oder h\u00f6re <a href=\"https:\/\/www.facebook.com\/johannes.matutis\" target=\"_blank\" rel=\"noopener\">Pastor Johannes W. Matutis<\/a> im Internet (jeweils 2 Stunden sp\u00e4ter).<\/p>\n<p>Mittwoch, 28. Juli 2021, 16 Uhr:<br \/>\n<a href=\"https:\/\/berliner-predigten.de\/blog\/2021\/07\/28\/vertraue-gott-vorbehaltlos\/\"><strong>Vertraue Gott vorbehaltlos<\/strong><\/a><\/p>\n<p>Freitag, 30. Juli 2021, 19 Uhr:<br \/>\n<a href=\"https:\/\/berliner-predigten.de\/blog\/2021\/07\/30\/entdecke-deine-identitaet\/\"><strong>Entdecke deine Identit\u00e4t<\/strong><\/a><\/p>\n<p>Samstag, 31. Juli 2021, 19 Uhr:<br \/>\n<a href=\"https:\/\/berliner-predigten.de\/blog\/2021\/07\/31\/der-schluessel-fuer-deine-gesundheit\/\"><strong>Der Schl\u00fcssel f\u00fcr deine Gesundheit<\/strong><\/a><\/p>\n<p>Sonntag, 1. August 2021, 10 Uhr:<br \/>\n<a href=\"https:\/\/berliner-predigten.de\/blog\/2021\/08\/01\/lass-dich-motivieren\/\"><strong>Lass dich motivieren<\/strong><\/a><\/p>\n","protected":false},"excerpt":{"rendered":"<p>Die Themen f\u00fcr die Woche 2021\/30 im Gemeinde-Zentrum \u2013 komm vorbei oder h\u00f6re Pastor Johannes W. Matutis im Internet (jeweils 2 Stunden sp\u00e4ter). Mittwoch, 28. Juli 2021, 16 Uhr: Vertraue Gott vorbehaltlos Freitag, 30. Juli 2021, 19 Uhr: Entdecke deine Identit\u00e4t Samstag, 31. Juli 2021, 19 Uhr: Der Schl\u00fcssel f\u00fcr deine Gesundheit Sonntag, 1. August 2021, 10 Uhr: Lass dich motivieren<\/p>\n","protected":false},"author":2,"featured_media":11624,"comment_status":"open","ping_status":"open","sticky":false,"template":"","format":"standard","meta":{"footnotes":""},"categories":[3],"tags":[],"class_list":["post-11558","post","type-post","status-publish","format-standard","has-post-thumbnail","hentry","category-termine-und-themen","comments-off"],"_links":{"self":[{"href":"https:\/\/berliner-predigten.de\/blog\/wp-json\/wp\/v2\/posts\/11558","targetHints":{"allow":["GET"]}}],"collection":[{"href":"https:\/\/berliner-predigten.de\/blog\/wp-json\/wp\/v2\/posts"}],"about":[{"href":"https:\/\/berliner-predigten.de\/blog\/wp-json\/wp\/v2\/types\/post"}],"author":[{"embeddable":true,"href":"https:\/\/berliner-predigten.de\/blog\/wp-json\/wp\/v2\/users\/2"}],"replies":[{"embeddable":true,"href":"https:\/\/berliner-predigten.de\/blog\/wp-json\/wp\/v2\/comments?post=11558"}],"version-history":[{"count":7,"href":"https:\/\/berliner-predigten.de\/blog\/wp-json\/wp\/v2\/posts\/11558\/revisions"}],"predecessor-version":[{"id":11690,"href":"https:\/\/berliner-predigten.de\/blog\/wp-json\/wp\/v2\/posts\/11558\/revisions\/11690"}],"wp:featuredmedia":[{"embeddable":true,"href":"https:\/\/berliner-predigten.de\/blog\/wp-json\/wp\/v2\/media\/11624"}],"wp:attachment":[{"href":"https:\/\/berliner-predigten.de\/blog\/wp-json\/wp\/v2\/media?parent=11558"}],"wp:term":[{"taxonomy":"category","embeddable":true,"href":"https:\/\/berliner-predigten.de\/blog\/wp-json\/wp\/v2\/categories?post=11558"},{"taxonomy":"post_tag","embeddable":true,"href":"https:\/\/berliner-predigten.de\/blog\/wp-json\/wp\/v2\/tags?post=11558"}],"curies":[{"name":"wp","href":"https:\/\/api.w.org\/{rel}","templated":true}]}}