{"id":11455,"date":"2021-07-19T07:19:17","date_gmt":"2021-07-19T05:19:17","guid":{"rendered":"https:\/\/berliner-predigten.de\/blog\/?p=11455"},"modified":"2021-07-26T08:48:36","modified_gmt":"2021-07-26T06:48:36","slug":"themen-der-woche-2021-29","status":"publish","type":"post","link":"https:\/\/berliner-predigten.de\/blog\/2021\/07\/19\/themen-der-woche-2021-29\/","title":{"rendered":"Themen der Woche 2021\/29"},"content":{"rendered":"<p>Die Themen f\u00fcr die Woche 2021\/29 im <a href=\"https:\/\/gemeindezentrum.berlin\/\" target=\"_blank\" rel=\"noopener noreferrer\">Gemeinde-Zentrum<\/a> \u2013 komm vorbei oder h\u00f6re <a href=\"https:\/\/www.facebook.com\/johannes.matutis\" target=\"_blank\" rel=\"noopener\">Pastor Johannes W. Matutis<\/a> im Internet (jeweils 2 Stunden sp\u00e4ter).<\/p>\n<p>Mittwoch, 21. Juli 2021, 16 Uhr:<br \/>\n<a href=\"https:\/\/berliner-predigten.de\/blog\/2021\/07\/21\/luegen-an-die-viele-glauben\/\"><strong>L\u00fcgen, an die viele glauben<\/strong><\/a><\/p>\n<p>Freitag, 23. Juli 2021, 19 Uhr:<br \/>\n<a href=\"https:\/\/berliner-predigten.de\/blog\/2021\/07\/23\/wort-gottes-veraendert-deine-welt\/\"><strong>Wort Gottes ver\u00e4ndert deine Welt<\/strong><\/a><\/p>\n<p>Samstag, 24. Juli 2021, 19 Uhr:<br \/>\n<a href=\"https:\/\/berliner-predigten.de\/blog\/2021\/07\/24\/die-verborgene-kraft-des-betens\/\"><strong>Die verborgene Kraft des Betens<\/strong><\/a><\/p>\n<p>Sonntag, 25. Juli 2021, 10 Uhr:<br \/>\n<a href=\"https:\/\/berliner-predigten.de\/blog\/2021\/07\/25\/apostolisches-beten\/\"><strong>Apostolisches Beten<\/strong><\/a><\/p>\n","protected":false},"excerpt":{"rendered":"<p>Die Themen f\u00fcr die Woche 2021\/29 im Gemeinde-Zentrum \u2013 komm vorbei oder h\u00f6re Pastor Johannes W. Matutis im Internet (jeweils 2 Stunden sp\u00e4ter). Mittwoch, 21. Juli 2021, 16 Uhr: L\u00fcgen, an die viele glauben Freitag, 23. Juli 2021, 19 Uhr: Wort Gottes ver\u00e4ndert deine Welt Samstag, 24. Juli 2021, 19 Uhr: Die verborgene Kraft des Betens Sonntag, 25. Juli 2021, 10 Uhr: Apostolisches Beten<\/p>\n","protected":false},"author":2,"featured_media":11544,"comment_status":"open","ping_status":"open","sticky":false,"template":"","format":"standard","meta":{"footnotes":""},"categories":[3],"tags":[],"class_list":["post-11455","post","type-post","status-publish","format-standard","has-post-thumbnail","hentry","category-termine-und-themen","comments-off"],"_links":{"self":[{"href":"https:\/\/berliner-predigten.de\/blog\/wp-json\/wp\/v2\/posts\/11455","targetHints":{"allow":["GET"]}}],"collection":[{"href":"https:\/\/berliner-predigten.de\/blog\/wp-json\/wp\/v2\/posts"}],"about":[{"href":"https:\/\/berliner-predigten.de\/blog\/wp-json\/wp\/v2\/types\/post"}],"author":[{"embeddable":true,"href":"https:\/\/berliner-predigten.de\/blog\/wp-json\/wp\/v2\/users\/2"}],"replies":[{"embeddable":true,"href":"https:\/\/berliner-predigten.de\/blog\/wp-json\/wp\/v2\/comments?post=11455"}],"version-history":[{"count":9,"href":"https:\/\/berliner-predigten.de\/blog\/wp-json\/wp\/v2\/posts\/11455\/revisions"}],"predecessor-version":[{"id":11623,"href":"https:\/\/berliner-predigten.de\/blog\/wp-json\/wp\/v2\/posts\/11455\/revisions\/11623"}],"wp:featuredmedia":[{"embeddable":true,"href":"https:\/\/berliner-predigten.de\/blog\/wp-json\/wp\/v2\/media\/11544"}],"wp:attachment":[{"href":"https:\/\/berliner-predigten.de\/blog\/wp-json\/wp\/v2\/media?parent=11455"}],"wp:term":[{"taxonomy":"category","embeddable":true,"href":"https:\/\/berliner-predigten.de\/blog\/wp-json\/wp\/v2\/categories?post=11455"},{"taxonomy":"post_tag","embeddable":true,"href":"https:\/\/berliner-predigten.de\/blog\/wp-json\/wp\/v2\/tags?post=11455"}],"curies":[{"name":"wp","href":"https:\/\/api.w.org\/{rel}","templated":true}]}}