{"id":11454,"date":"2021-07-11T17:09:04","date_gmt":"2021-07-11T15:09:04","guid":{"rendered":"https:\/\/berliner-predigten.de\/blog\/?p=11454"},"modified":"2021-07-19T07:14:02","modified_gmt":"2021-07-19T05:14:02","slug":"themen-der-woche-2021-28","status":"publish","type":"post","link":"https:\/\/berliner-predigten.de\/blog\/2021\/07\/11\/themen-der-woche-2021-28\/","title":{"rendered":"Themen der Woche 2021\/28"},"content":{"rendered":"<p>Die Themen f\u00fcr die Woche 2021\/28 im <a href=\"https:\/\/gemeindezentrum.berlin\/\" target=\"_blank\" rel=\"noopener noreferrer\">Gemeinde-Zentrum<\/a> \u2013 komm vorbei oder h\u00f6re <a href=\"https:\/\/www.facebook.com\/johannes.matutis\" target=\"_blank\" rel=\"noopener\">Pastor Johannes W. Matutis<\/a> im Internet (jeweils 2 Stunden sp\u00e4ter).<\/p>\n<p>Mittwoch, 14. Juli 2021, 16 Uhr:<br \/>\n<a href=\"https:\/\/berliner-predigten.de\/blog\/2021\/07\/14\/die-geschichte-geht-weiter\/\"><strong>Die Geschichte geht weiter<\/strong><\/a><\/p>\n<p>Freitag, 16. Juli 2021, 19 Uhr:<br \/>\n<a href=\"https:\/\/berliner-predigten.de\/blog\/2021\/07\/16\/lebe-frei-von-fluechen\/\"><strong>Lebe frei von Fl\u00fcchen<\/strong><\/a><\/p>\n<p>Samstag, 17. Juli 2021, 19 Uhr:<br \/>\n<a href=\"https:\/\/berliner-predigten.de\/blog\/2021\/07\/17\/lebe-ohne-aengste\/\"><strong>Lebe ohne \u00c4ngste<\/strong><\/a><\/p>\n<p>Sonntag, 18. Juli 2021, 10 Uhr:<br \/>\n<a href=\"https:\/\/berliner-predigten.de\/blog\/2021\/07\/18\/verjage-deine-aengste\/\"><strong>Verjage deine \u00c4ngste<\/strong><\/a><\/p>\n","protected":false},"excerpt":{"rendered":"<p>Die Themen f\u00fcr die Woche 2021\/28 im Gemeinde-Zentrum \u2013 komm vorbei oder h\u00f6re Pastor Johannes W. Matutis im Internet (jeweils 2 Stunden sp\u00e4ter). Mittwoch, 14. Juli 2021, 16 Uhr: Die Geschichte geht weiter Freitag, 16. Juli 2021, 19 Uhr: Lebe frei von Fl\u00fcchen Samstag, 17. Juli 2021, 19 Uhr: Lebe ohne \u00c4ngste Sonntag, 18. Juli 2021, 10 Uhr: Verjage deine \u00c4ngste<\/p>\n","protected":false},"author":2,"featured_media":11458,"comment_status":"open","ping_status":"open","sticky":false,"template":"","format":"standard","meta":{"footnotes":""},"categories":[3],"tags":[],"class_list":["post-11454","post","type-post","status-publish","format-standard","has-post-thumbnail","hentry","category-termine-und-themen","comments-off"],"_links":{"self":[{"href":"https:\/\/berliner-predigten.de\/blog\/wp-json\/wp\/v2\/posts\/11454","targetHints":{"allow":["GET"]}}],"collection":[{"href":"https:\/\/berliner-predigten.de\/blog\/wp-json\/wp\/v2\/posts"}],"about":[{"href":"https:\/\/berliner-predigten.de\/blog\/wp-json\/wp\/v2\/types\/post"}],"author":[{"embeddable":true,"href":"https:\/\/berliner-predigten.de\/blog\/wp-json\/wp\/v2\/users\/2"}],"replies":[{"embeddable":true,"href":"https:\/\/berliner-predigten.de\/blog\/wp-json\/wp\/v2\/comments?post=11454"}],"version-history":[{"count":8,"href":"https:\/\/berliner-predigten.de\/blog\/wp-json\/wp\/v2\/posts\/11454\/revisions"}],"predecessor-version":[{"id":11543,"href":"https:\/\/berliner-predigten.de\/blog\/wp-json\/wp\/v2\/posts\/11454\/revisions\/11543"}],"wp:featuredmedia":[{"embeddable":true,"href":"https:\/\/berliner-predigten.de\/blog\/wp-json\/wp\/v2\/media\/11458"}],"wp:attachment":[{"href":"https:\/\/berliner-predigten.de\/blog\/wp-json\/wp\/v2\/media?parent=11454"}],"wp:term":[{"taxonomy":"category","embeddable":true,"href":"https:\/\/berliner-predigten.de\/blog\/wp-json\/wp\/v2\/categories?post=11454"},{"taxonomy":"post_tag","embeddable":true,"href":"https:\/\/berliner-predigten.de\/blog\/wp-json\/wp\/v2\/tags?post=11454"}],"curies":[{"name":"wp","href":"https:\/\/api.w.org\/{rel}","templated":true}]}}