{"id":11226,"date":"2021-06-26T20:36:13","date_gmt":"2021-06-26T18:36:13","guid":{"rendered":"https:\/\/berliner-predigten.de\/blog\/?p=11226"},"modified":"2021-12-09T22:30:27","modified_gmt":"2021-12-09T21:30:27","slug":"veraendere-deine-denkweise-2","status":"publish","type":"post","link":"https:\/\/berliner-predigten.de\/blog\/2021\/06\/26\/veraendere-deine-denkweise-2\/","title":{"rendered":"Ver\u00e4ndere deine Denkweise"},"content":{"rendered":"<p>Gott l\u00e4sst St\u00fcrme in unserem Leben kommen, damit die trockenen \u00c4ste und Bl\u00e4tter abfallen. Wir sind so angelegt, dass wir Gottes Plan erkennen k\u00f6nnen. H\u00f6re Gottes Wort und l\u00f6se dich von deiner Vergangenheit.<\/p>\n<audio class=\"wp-audio-shortcode\" id=\"audio-11226-1\" preload=\"none\" style=\"width: 100%;\" controls=\"controls\"><source type=\"audio\/mpeg\" src=\"https:\/\/berliner-predigten.de\/dateien\/2021-06-26-Veraendere-deine-Denkweise.mp3?_=1\" \/><a href=\"https:\/\/berliner-predigten.de\/dateien\/2021-06-26-Veraendere-deine-Denkweise.mp3\">https:\/\/berliner-predigten.de\/dateien\/2021-06-26-Veraendere-deine-Denkweise.mp3<\/a><\/audio>\n<p><!--more--><\/p>\n<p><strong>Stichworte:<\/strong> Ver\u00e4nderung ist f\u00fcr dich selbst &#8211; die Kraft und die Hilfe des Heiligen Geistes &#8211; ohne mich k\u00f6nnt ihr nichts tun, sagt Jesus &#8211; reicht es dir schon mit deinen Schw\u00e4chen? &#8211; ohne Einsicht und Selbsterkenntnis gibt es keine Ver\u00e4nderung &#8211; wie funktioniert dein Gehirn? &#8211; Umdenken ist ein Prozess &#8211; mein Herz mit Gottes Wort f\u00fcllen &#8211; Laufen lernen &#8211; wie st\u00e4rke ich meinen Willen? &#8211; Menschen bringen dich nicht ans Ziel &#8211; Gott arbeitet \u00fcber Gegens\u00e4tze &#8211; verschiedene Bibel\u00fcbersetzungen &#8211; Gedanken wie Luftblasen &#8211; logisches und praktisches Denken &#8211; wenn Jesus pl\u00f6tzlich in dein Leben hereinkommt &#8230; &#8211; ausschalten und umschalten &#8211; sage Gott allezeit Dank f\u00fcr alles &#8211; vom Ziel her leben &#8211; <a href=\"https:\/\/www.schlachterbibel.de\/de\/bibel\/psalm\/23\/1?hl=1#hl\" target=\"_blank\" rel=\"noopener\">mir wird nichts mangeln<\/a><\/p>\n<p><em>Predigt herunterladen: <a href=\"https:\/\/berliner-predigten.de\/dateien\/2021-06-26-Veraendere-deine-Denkweise.mp3\" target=\"_blank\" rel=\"noopener noreferrer\">2021-06-26 Ver\u00e4ndere deine Denkweise<\/a><\/em><\/p>\n<div style=\"width: 640px;\" class=\"wp-video\"><video class=\"wp-video-shortcode\" id=\"video-11226-1\" width=\"640\" height=\"360\" preload=\"metadata\" controls=\"controls\"><source type=\"video\/mp4\" src=\"https:\/\/video-predigten.de\/2021\/210626-Veraendere-deine-Denkweise.mp4?_=1\" \/><a href=\"https:\/\/video-predigten.de\/2021\/210626-Veraendere-deine-Denkweise.mp4\">https:\/\/video-predigten.de\/2021\/210626-Veraendere-deine-Denkweise.mp4<\/a><\/video><\/div>\n<p><em>Video herunterladen: <a href=\"https:\/\/video-predigten.de\/2021\/210626-Veraendere-deine-Denkweise.mp4\" target=\"_blank\" rel=\"noopener\">Ver\u00e4ndere deine Denkweise<\/a><\/em><\/p>\n<p>Wer uns unterst\u00fctzen m\u00f6chte, kann dies hier tun: <a href=\"https:\/\/berliner-predigten.de\/blog\/spenden\/\" target=\"_blank\" rel=\"noopener noreferrer\">\u2665 Spenden \u2665<\/a><\/p>\n<p><a href=\"https:\/\/berliner-predigten.de\/blog\/wp-content\/uploads\/2021\/06\/210626-wir-sind-so-angelegt-dass.jpg\" target=\"_blank\" rel=\"noopener\"><img loading=\"lazy\" decoding=\"async\" class=\"alignnone wp-image-11313\" src=\"https:\/\/berliner-predigten.de\/blog\/wp-content\/uploads\/2021\/06\/210626-wir-sind-so-angelegt-dass.jpg\" alt=\"\" width=\"95\" height=\"95\" srcset=\"https:\/\/berliner-predigten.de\/blog\/wp-content\/uploads\/2021\/06\/210626-wir-sind-so-angelegt-dass.jpg 949w, https:\/\/berliner-predigten.de\/blog\/wp-content\/uploads\/2021\/06\/210626-wir-sind-so-angelegt-dass-300x300.jpg 300w, https:\/\/berliner-predigten.de\/blog\/wp-content\/uploads\/2021\/06\/210626-wir-sind-so-angelegt-dass-150x150.jpg 150w, https:\/\/berliner-predigten.de\/blog\/wp-content\/uploads\/2021\/06\/210626-wir-sind-so-angelegt-dass-768x768.jpg 768w\" sizes=\"auto, (max-width: 95px) 100vw, 95px\" \/><\/a><\/p>\n","protected":false},"excerpt":{"rendered":"<p>Gott l\u00e4sst St\u00fcrme in unserem Leben kommen, damit die trockenen \u00c4ste und Bl\u00e4tter abfallen. Wir sind so angelegt, dass wir Gottes Plan erkennen k\u00f6nnen. H\u00f6re Gottes Wort und l\u00f6se dich von deiner Vergangenheit.<\/p>\n","protected":false},"author":2,"featured_media":11260,"comment_status":"open","ping_status":"closed","sticky":false,"template":"","format":"standard","meta":{"footnotes":""},"categories":[12,2,1434],"tags":[1243,642,1319,1130],"class_list":["post-11226","post","type-post","status-publish","format-standard","has-post-thumbnail","hentry","category-j-w-matutis","category-predigt","category-video","tag-deine-denkweise","tag-denken","tag-kleinhirn","tag-veraendern","comments-off"],"_links":{"self":[{"href":"https:\/\/berliner-predigten.de\/blog\/wp-json\/wp\/v2\/posts\/11226","targetHints":{"allow":["GET"]}}],"collection":[{"href":"https:\/\/berliner-predigten.de\/blog\/wp-json\/wp\/v2\/posts"}],"about":[{"href":"https:\/\/berliner-predigten.de\/blog\/wp-json\/wp\/v2\/types\/post"}],"author":[{"embeddable":true,"href":"https:\/\/berliner-predigten.de\/blog\/wp-json\/wp\/v2\/users\/2"}],"replies":[{"embeddable":true,"href":"https:\/\/berliner-predigten.de\/blog\/wp-json\/wp\/v2\/comments?post=11226"}],"version-history":[{"count":25,"href":"https:\/\/berliner-predigten.de\/blog\/wp-json\/wp\/v2\/posts\/11226\/revisions"}],"predecessor-version":[{"id":13653,"href":"https:\/\/berliner-predigten.de\/blog\/wp-json\/wp\/v2\/posts\/11226\/revisions\/13653"}],"wp:featuredmedia":[{"embeddable":true,"href":"https:\/\/berliner-predigten.de\/blog\/wp-json\/wp\/v2\/media\/11260"}],"wp:attachment":[{"href":"https:\/\/berliner-predigten.de\/blog\/wp-json\/wp\/v2\/media?parent=11226"}],"wp:term":[{"taxonomy":"category","embeddable":true,"href":"https:\/\/berliner-predigten.de\/blog\/wp-json\/wp\/v2\/categories?post=11226"},{"taxonomy":"post_tag","embeddable":true,"href":"https:\/\/berliner-predigten.de\/blog\/wp-json\/wp\/v2\/tags?post=11226"}],"curies":[{"name":"wp","href":"https:\/\/api.w.org\/{rel}","templated":true}]}}